{"id":15726,"date":"2020-06-01T11:54:58","date_gmt":"2020-06-01T10:54:58","guid":{"rendered":"https:\/\/willysplan.com\/uncategorized-ca\/rutes-de-senderisme-i-excursions-a-sant-feliu-de-codines"},"modified":"2023-07-27T05:04:41","modified_gmt":"2023-07-27T04:04:41","slug":"rutes-de-senderisme-i-excursions-a-sant-feliu-de-codines","status":"publish","type":"post","link":"https:\/\/www.willysplan.com\/ca\/rutes\/rutes-de-senderisme-i-excursions-a-sant-feliu-de-codines","title":{"rendered":"Rutes de senderisme i excursions a Sant Feliu de Codines"},"content":{"rendered":"\t\t<div data-elementor-type=\"wp-post\" data-elementor-id=\"15726\" class=\"elementor elementor-15726 elementor-1284\" data-elementor-post-type=\"post\">\n\t\t\t\t\t\t<section class=\"elementor-section elementor-top-section elementor-element elementor-element-f4c69cc elementor-section-boxed elementor-section-height-default elementor-section-height-default\" data-id=\"f4c69cc\" data-element_type=\"section\">\n\t\t\t\t\t\t<div class=\"elementor-container elementor-column-gap-default\">\n\t\t\t\t\t<div class=\"elementor-column elementor-col-50 elementor-top-column elementor-element elementor-element-164a862\" data-id=\"164a862\" data-element_type=\"column\">\n\t\t\t<div class=\"elementor-widget-wrap elementor-element-populated\">\n\t\t\t\t\t\t<div class=\"elementor-element elementor-element-29bc239 elementor-widget elementor-widget-text-editor\" data-id=\"29bc239\" data-element_type=\"widget\" data-widget_type=\"text-editor.default\">\n\t\t\t\t<div class=\"elementor-widget-container\">\n\t\t\t\t\t\t\t\t\t<p><span style=\"font-weight: 400;\">Busques plans i coses a fer una vegada ja hagis visitat les<\/span> <a href=\"https:\/\/www.willysplan.com\/ca\/idees\/les-20-millors-coses-a-fer-a-barcelona\"><b>millors coses a fer a Barcelona<\/b><\/a> <span style=\"font-weight: 400;\">?<\/span> <span style=\"font-weight: 400;\">Has arribat a la web indicada! A Willy&#8217;s Plan tenim les millors <\/span><b>rutes per Sant Feliu de Codines<\/b> <span style=\"font-weight: 400;\">\u2026 a les que per descomptat, no et podr\u00e0s resistir.<\/span><\/p><p><span style=\"font-weight: 400;\">Aquest municipi pertanyent a la comarca del<\/span> <b>Vall\u00e8s Oriental<\/b> <span style=\"font-weight: 400;\">a la prov\u00edncia de<\/span> <b>Barcelona,<\/b> <span style=\"font-weight: 400;\">compta amb una extensi\u00f3 d\u00b4uns 15 km\u00b2. Per aix\u00f2 es considera una de les destinacions preferides pels barcelonins. \u00c9s que sens dubte n&#8217;hi ha moltes <\/span><b>coses a fer a Sant Feliu de Codines,<\/b> <span style=\"font-weight: 400;\">ens atrevir\u00edem a dir que \u00e9s el poble ideal per prendre els millors dies de descans i allunyar-se una mica del soroll de la ciutat.<\/span><\/p>\t\t\t\t\t\t\t\t<\/div>\n\t\t\t\t<\/div>\n\t\t\t\t\t<\/div>\n\t\t<\/div>\n\t\t\t\t<div class=\"elementor-column elementor-col-50 elementor-top-column elementor-element elementor-element-f0384f5\" data-id=\"f0384f5\" data-element_type=\"column\">\n\t\t\t<div class=\"elementor-widget-wrap elementor-element-populated\">\n\t\t\t\t\t\t<div class=\"elementor-element elementor-element-2aa0064 elementor-widget elementor-widget-google_maps\" data-id=\"2aa0064\" data-element_type=\"widget\" data-widget_type=\"google_maps.default\">\n\t\t\t\t<div class=\"elementor-widget-container\">\n\t\t\t\t\t\t\t<div class=\"elementor-custom-embed\">\n\t\t\t<iframe loading=\"lazy\"\n\t\t\t\t\tsrc=\"https:\/\/maps.google.com\/maps?q=sant%20feliu%20de%20codines&#038;t=m&#038;z=10&#038;output=embed&#038;iwloc=near\"\n\t\t\t\t\ttitle=\"sant feliu de codines\"\n\t\t\t\t\taria-label=\"sant feliu de codines\"\n\t\t\t><\/iframe>\n\t\t<\/div>\n\t\t\t\t\t\t<\/div>\n\t\t\t\t<\/div>\n\t\t\t\t\t<\/div>\n\t\t<\/div>\n\t\t\t\t\t<\/div>\n\t\t<\/section>\n\t\t\t\t<section class=\"elementor-section elementor-top-section elementor-element elementor-element-d1e1d3e elementor-section-boxed elementor-section-height-default elementor-section-height-default\" data-id=\"d1e1d3e\" data-element_type=\"section\">\n\t\t\t\t\t\t<div class=\"elementor-container elementor-column-gap-default\">\n\t\t\t\t\t<div class=\"elementor-column elementor-col-100 elementor-top-column elementor-element elementor-element-8fb6451\" data-id=\"8fb6451\" data-element_type=\"column\">\n\t\t\t<div class=\"elementor-widget-wrap elementor-element-populated\">\n\t\t\t\t\t\t<div class=\"elementor-element elementor-element-24f448f elementor-widget elementor-widget-heading\" data-id=\"24f448f\" data-element_type=\"widget\" data-widget_type=\"heading.default\">\n\t\t\t\t<div class=\"elementor-widget-container\">\n\t\t\t\t\t<h2 class=\"elementor-heading-title elementor-size-default\">Qu\u00e8 fer a Sant Feliu de Codines?\n<\/h2>\t\t\t\t<\/div>\n\t\t\t\t<\/div>\n\t\t\t\t\t<\/div>\n\t\t<\/div>\n\t\t\t\t\t<\/div>\n\t\t<\/section>\n\t\t\t\t<section class=\"elementor-section elementor-top-section elementor-element elementor-element-53c42cc elementor-section-boxed elementor-section-height-default elementor-section-height-default\" data-id=\"53c42cc\" data-element_type=\"section\">\n\t\t\t\t\t\t<div class=\"elementor-container elementor-column-gap-default\">\n\t\t\t\t\t<div class=\"elementor-column elementor-col-100 elementor-top-column elementor-element elementor-element-ffc4726\" data-id=\"ffc4726\" data-element_type=\"column\">\n\t\t\t<div class=\"elementor-widget-wrap elementor-element-populated\">\n\t\t\t\t\t\t<div class=\"elementor-element elementor-element-7f4a89a elementor-widget elementor-widget-image\" data-id=\"7f4a89a\" data-element_type=\"widget\" data-widget_type=\"image.default\">\n\t\t\t\t<div class=\"elementor-widget-container\">\n\t\t\t\t\t\t\t\t\t\t\t\t\t\t\t<img fetchpriority=\"high\" decoding=\"async\" width=\"768\" height=\"576\" src=\"https:\/\/www.willysplan.com\/wp-content\/uploads\/2020\/06\/cim-daligues-paint-768x576.jpg\" class=\"attachment-medium_large size-medium_large wp-image-13259\" alt=\"\" srcset=\"https:\/\/www.willysplan.com\/wp-content\/uploads\/2020\/06\/cim-daligues-paint-768x576.jpg 768w, https:\/\/www.willysplan.com\/wp-content\/uploads\/2020\/06\/cim-daligues-paint-300x225.jpg 300w, https:\/\/www.willysplan.com\/wp-content\/uploads\/2020\/06\/cim-daligues-paint-1024x768.jpg 1024w, https:\/\/www.willysplan.com\/wp-content\/uploads\/2020\/06\/cim-daligues-paint-760x570.jpg 760w, https:\/\/www.willysplan.com\/wp-content\/uploads\/2020\/06\/cim-daligues-paint-960x720.jpg 960w, https:\/\/www.willysplan.com\/wp-content\/uploads\/2020\/06\/cim-daligues-paint-533x400.jpg 533w, https:\/\/www.willysplan.com\/wp-content\/uploads\/2020\/06\/cim-daligues-paint-585x439.jpg 585w, https:\/\/www.willysplan.com\/wp-content\/uploads\/2020\/06\/cim-daligues-paint-600x450.jpg 600w, https:\/\/www.willysplan.com\/wp-content\/uploads\/2020\/06\/cim-daligues-paint.jpg 1200w\" sizes=\"(max-width: 768px) 100vw, 768px\" \/>\t\t\t\t\t\t\t\t\t\t\t\t\t\t\t<\/div>\n\t\t\t\t<\/div>\n\t\t\t\t\t<\/div>\n\t\t<\/div>\n\t\t\t\t\t<\/div>\n\t\t<\/section>\n\t\t\t\t<section class=\"elementor-section elementor-top-section elementor-element elementor-element-9274027 elementor-section-boxed elementor-section-height-default elementor-section-height-default\" data-id=\"9274027\" data-element_type=\"section\">\n\t\t\t\t\t\t<div class=\"elementor-container elementor-column-gap-default\">\n\t\t\t\t\t<div class=\"elementor-column elementor-col-100 elementor-top-column elementor-element elementor-element-8d0b027\" data-id=\"8d0b027\" data-element_type=\"column\">\n\t\t\t<div class=\"elementor-widget-wrap elementor-element-populated\">\n\t\t\t\t\t\t<div class=\"elementor-element elementor-element-13b5c01 elementor-widget elementor-widget-text-editor\" data-id=\"13b5c01\" data-element_type=\"widget\" data-widget_type=\"text-editor.default\">\n\t\t\t\t<div class=\"elementor-widget-container\">\n\t\t\t\t\t\t\t\t\t<p><span style=\"font-weight: 400;\">Enmig de contraforts abra\u00e7ats de natura, es destaca tota la bellesa d\u00b4aquest petit poble de Catalunya. Si hi ha alguna cosa que no us podeu perdre, \u00e9s fer senderisme en aquesta zona, les <\/span><b>excursions per Sant Feliu de Codines <\/b><span style=\"font-weight: 400;\">solen ser excepcionals! I no \u00e9s per menys la connexi\u00f3 entre naturalesa i hist\u00f2ria es veu reflectida a cadascuna d&#8217;aquestes <\/span><b>rutes per Sant Feliu<\/b> <span style=\"font-weight: 400;\">, dissenyades per gaudir un dia de desconnexi\u00f3 i aventura total a l&#8217;aire lliure.<\/span><\/p>\n<p><span style=\"font-weight: 400;\">Una cosa imprescindible i<\/span> <b>que visitar a Sant Feliu de Codines,<\/b> <span style=\"font-weight: 400;\">s\u00f3n llocs d&#8217;inter\u00e8s hist\u00f2ric i naturalesa. Per aix\u00f2 dissenyem una petita ruta que et portar\u00e0 a con\u00e8ixer-ne alguns.<\/span><\/p>\n\t\t\t\t\t\t\t\t<\/div>\n\t\t\t\t<\/div>\n\t\t\t\t\t<\/div>\n\t\t<\/div>\n\t\t\t\t\t<\/div>\n\t\t<\/section>\n\t\t\t\t<section class=\"elementor-section elementor-top-section elementor-element elementor-element-ff7752d elementor-section-boxed elementor-section-height-default elementor-section-height-default\" data-id=\"ff7752d\" data-element_type=\"section\">\n\t\t\t\t\t\t<div class=\"elementor-container elementor-column-gap-default\">\n\t\t\t\t\t<div class=\"elementor-column elementor-col-100 elementor-top-column elementor-element elementor-element-73785f5\" data-id=\"73785f5\" data-element_type=\"column\">\n\t\t\t<div class=\"elementor-widget-wrap elementor-element-populated\">\n\t\t\t\t\t\t\t<\/div>\n\t\t<\/div>\n\t\t\t\t\t<\/div>\n\t\t<\/section>\n\t\t\t\t<section class=\"elementor-section elementor-top-section elementor-element elementor-element-aaf8e46 elementor-section-boxed elementor-section-height-default elementor-section-height-default\" data-id=\"aaf8e46\" data-element_type=\"section\">\n\t\t\t\t\t\t<div class=\"elementor-container elementor-column-gap-default\">\n\t\t\t\t\t<div class=\"elementor-column elementor-col-100 elementor-top-column elementor-element elementor-element-4cee3de\" data-id=\"4cee3de\" data-element_type=\"column\">\n\t\t\t<div class=\"elementor-widget-wrap elementor-element-populated\">\n\t\t\t\t\t\t<div class=\"elementor-element elementor-element-241f678 elementor-widget elementor-widget-heading\" data-id=\"241f678\" data-element_type=\"widget\" data-widget_type=\"heading.default\">\n\t\t\t\t<div class=\"elementor-widget-container\">\n\t\t\t\t\t<h2 class=\"elementor-heading-title elementor-size-default\">Qu\u00e8 veure a Sant Feliu de Codines i rodalies?<\/h2>\t\t\t\t<\/div>\n\t\t\t\t<\/div>\n\t\t\t\t\t<\/div>\n\t\t<\/div>\n\t\t\t\t\t<\/div>\n\t\t<\/section>\n\t\t\t\t<section class=\"elementor-section elementor-top-section elementor-element elementor-element-c78f0d5 elementor-section-boxed elementor-section-height-default elementor-section-height-default\" data-id=\"c78f0d5\" data-element_type=\"section\">\n\t\t\t\t\t\t<div class=\"elementor-container elementor-column-gap-default\">\n\t\t\t\t\t<div class=\"elementor-column elementor-col-100 elementor-top-column elementor-element elementor-element-e8099c1\" data-id=\"e8099c1\" data-element_type=\"column\">\n\t\t\t<div class=\"elementor-widget-wrap elementor-element-populated\">\n\t\t\t\t\t\t<div class=\"elementor-element elementor-element-9d79bd6 elementor-widget elementor-widget-text-editor\" data-id=\"9d79bd6\" data-element_type=\"widget\" data-widget_type=\"text-editor.default\">\n\t\t\t\t<div class=\"elementor-widget-container\">\n\t\t\t\t\t\t\t\t\t<p><span style=\"font-weight: 400;\">En aquesta ocasi\u00f3 us recomanem una de les nostres<\/span> <b>rutes per Sant Feliu de Codines<\/b> <span style=\"font-weight: 400;\">on iniciarem pujant als<\/span> <b>Cingles de Bert\u00ed<\/b><span style=\"font-weight: 400;\">. Un espai natural protegit on podr\u00e0s gaudir des de salts d&#8217;aigua, conjunt de cingleres i relleus escarpats caracter\u00edstics del <\/span><b>altipl\u00e0 Moian\u00e8s<\/b> <span style=\"font-weight: 400;\">.<\/span> <span style=\"font-weight: 400;\">Just a dalt d&#8217;aquest lloc, hi ha el<\/span> <b>Santuari de Puiggraci\u00f3s,<\/b> <span style=\"font-weight: 400;\">un<\/span> <span style=\"font-weight: 400;\">lloc amb encant barroc pertanyent a la comunitat benedictina i visitat per molts feligresos al llarg de l&#8217;any.<\/span> <\/p>\n<p><span style=\"font-weight: 400;\">Seguint la guia de senderisme, que per cert est\u00e0 de meravella i molt ben senyalitzada! continuarem una de les nostres<\/span> <b>excursions per Sant Feliu de Codines<\/b> <span style=\"font-weight: 400;\">fins arribar a<\/span> <b>la Trona,<\/b> <span style=\"font-weight: 400;\">la zona m\u00e9s alta de la cinglera on tindrem una millor vista circular d&#8217;aquest meravell\u00f3s parc. On es veuen clarament el <\/span><b>Montseny<\/b> <span style=\"font-weight: 400;\">i el<\/span> <b>Matagalls;<\/b> <span style=\"font-weight: 400;\">dues de les belleses naturals<\/span> <b>a veure a Sant Feliu.<\/b><\/p>\n<p><span style=\"font-weight: 400;\">Si busques<\/span> <b>fer amb nens a Sant Feliu de Codines,<\/b> <span style=\"font-weight: 400;\">pots animar-te a fer aquest recorregut amb els m\u00e9s petits de la casa. Tot i aix\u00f2 et recomanem prendre les precaucions necess\u00e0ries, portar entrepans per al cam\u00ed i begudes refrescants perqu\u00e8 no els falti res. <\/span><\/p>\n\t\t\t\t\t\t\t\t<\/div>\n\t\t\t\t<\/div>\n\t\t\t\t\t<\/div>\n\t\t<\/div>\n\t\t\t\t\t<\/div>\n\t\t<\/section>\n\t\t\t\t<section class=\"elementor-section elementor-top-section elementor-element elementor-element-436b313 elementor-section-boxed elementor-section-height-default elementor-section-height-default\" data-id=\"436b313\" data-element_type=\"section\">\n\t\t\t\t\t\t<div class=\"elementor-container elementor-column-gap-default\">\n\t\t\t\t\t<div class=\"elementor-column elementor-col-100 elementor-top-column elementor-element elementor-element-f2b4a70\" data-id=\"f2b4a70\" data-element_type=\"column\">\n\t\t\t<div class=\"elementor-widget-wrap elementor-element-populated\">\n\t\t\t\t\t\t\t<\/div>\n\t\t<\/div>\n\t\t\t\t\t<\/div>\n\t\t<\/section>\n\t\t\t\t<\/div>\n\t\t","protected":false},"excerpt":{"rendered":"<p>Busques plans i coses a fer una vegada ja hagis visitat les millors coses a fer a Barcelona ? Has arribat a la web indicada! A Willy&#8217;s Plan tenim les millors rutes per Sant Feliu de Codines \u2026 a les que per descomptat, no et podr\u00e0s resistir. Aquest municipi pertanyent a la comarca del Vall\u00e8s&hellip;&nbsp;<a href=\"https:\/\/www.willysplan.com\/ca\/rutes\/rutes-de-senderisme-i-excursions-a-sant-feliu-de-codines\" rel=\"bookmark\">Llegiu m\u00e9s &raquo;<span class=\"screen-reader-text\">Rutes de senderisme i excursions a Sant Feliu de Codines<\/span><\/a><\/p>\n","protected":false},"author":2,"featured_media":13149,"comment_status":"closed","ping_status":"closed","sticky":false,"template":"","format":"standard","meta":{"neve_meta_sidebar":"","neve_meta_container":"","neve_meta_enable_content_width":"","neve_meta_content_width":0,"neve_meta_title_alignment":"","neve_meta_author_avatar":"","neve_post_elements_order":"","neve_meta_disable_header":"","neve_meta_disable_footer":"","neve_meta_disable_title":"","_joinchat":[],"footnotes":""},"categories":[323],"tags":[333,332,334],"class_list":["post-15726","post","type-post","status-publish","format-standard","has-post-thumbnail","hentry","category-rutes","tag-pobles-barcelona","tag-pobles-catalunya","tag-pobles-valls-oriental"],"yoast_head":"<!-- This site is optimized with the Yoast SEO Premium plugin v20.1 (Yoast SEO v26.9) - https:\/\/yoast.com\/product\/yoast-seo-premium-wordpress\/ -->\n<title>Rutes i excursions a Sant Feliu de Codines \u2013 Willy&#039;s Plan<\/title>\n<meta name=\"description\" content=\"Descobreix les millors excursions i rutes de senderisme a Sant Feliu de Codines, Barcelona. \u2705 Coneix les coses a fer i veure a Sant Feliu. Entra ara!\" \/>\n<meta name=\"robots\" content=\"index, follow, max-snippet:-1, max-image-preview:large, max-video-preview:-1\" \/>\n<link rel=\"canonical\" href=\"https:\/\/willysplan.com\/ca\/rutes\/rutes-de-senderisme-i-excursions-a-sant-feliu-de-codines\" \/>\n<meta property=\"og:locale\" content=\"ca_ES\" \/>\n<meta property=\"og:type\" content=\"article\" \/>\n<meta property=\"og:title\" content=\"Rutes de senderisme i excursions a Sant Feliu de Codines\" \/>\n<meta property=\"og:description\" content=\"Descobreix les millors excursions i rutes de senderisme a Sant Feliu de Codines, Barcelona. \u2705 Coneix les coses a fer i veure a Sant Feliu. Entra ara!\" \/>\n<meta property=\"og:url\" content=\"https:\/\/willysplan.com\/ca\/rutes\/rutes-de-senderisme-i-excursions-a-sant-feliu-de-codines\" \/>\n<meta property=\"og:site_name\" content=\"Willy&#039;s Plan \ud83c\udf43\" \/>\n<meta property=\"article:published_time\" content=\"2020-06-01T10:54:58+00:00\" \/>\n<meta property=\"article:modified_time\" content=\"2023-07-27T04:04:41+00:00\" \/>\n<meta property=\"og:image\" content=\"https:\/\/www.willysplan.com\/wp-content\/uploads\/2020\/06\/6-11.jpg\" \/>\n\t<meta property=\"og:image:width\" content=\"1080\" \/>\n\t<meta property=\"og:image:height\" content=\"1080\" \/>\n\t<meta property=\"og:image:type\" content=\"image\/jpeg\" \/>\n<meta name=\"author\" content=\"Guillem Asensio\" \/>\n<meta name=\"twitter:card\" content=\"summary_large_image\" \/>\n<meta name=\"twitter:label1\" content=\"Escrit per\" \/>\n\t<meta name=\"twitter:data1\" content=\"Guillem Asensio\" \/>\n\t<meta name=\"twitter:label2\" content=\"Temps estimat de lectura\" \/>\n\t<meta name=\"twitter:data2\" content=\"2 minuts\" \/>\n<script type=\"application\/ld+json\" class=\"yoast-schema-graph\">{\"@context\":\"https:\/\/schema.org\",\"@graph\":[{\"@type\":\"Article\",\"@id\":\"https:\/\/willysplan.com\/ca\/rutes\/rutes-de-senderisme-i-excursions-a-sant-feliu-de-codines#article\",\"isPartOf\":{\"@id\":\"https:\/\/www.willysplan.com\/ca\/rutes\/rutes-de-senderisme-i-excursions-a-sant-feliu-de-codines\"},\"author\":{\"name\":\"Guillem Asensio\",\"@id\":\"https:\/\/www.willysplan.com\/#\/schema\/person\/6f2dbf2215cd25715df085907bd007c1\"},\"headline\":\"Rutes de senderisme i excursions a Sant Feliu de Codines\",\"datePublished\":\"2020-06-01T10:54:58+00:00\",\"dateModified\":\"2023-07-27T04:04:41+00:00\",\"mainEntityOfPage\":{\"@id\":\"https:\/\/www.willysplan.com\/ca\/rutes\/rutes-de-senderisme-i-excursions-a-sant-feliu-de-codines\"},\"wordCount\":460,\"publisher\":{\"@id\":\"https:\/\/www.willysplan.com\/#organization\"},\"image\":{\"@id\":\"https:\/\/willysplan.com\/ca\/rutes\/rutes-de-senderisme-i-excursions-a-sant-feliu-de-codines#primaryimage\"},\"thumbnailUrl\":\"https:\/\/www.willysplan.com\/wp-content\/uploads\/2020\/06\/6-11.jpg\",\"keywords\":[\"pobles barcelona\",\"pobles catalunya\",\"pobles valls oriental\"],\"articleSection\":[\"rutes\"],\"inLanguage\":\"ca\"},{\"@type\":\"WebPage\",\"@id\":\"https:\/\/www.willysplan.com\/ca\/rutes\/rutes-de-senderisme-i-excursions-a-sant-feliu-de-codines\",\"url\":\"https:\/\/willysplan.com\/ca\/rutes\/rutes-de-senderisme-i-excursions-a-sant-feliu-de-codines\",\"name\":\"Rutes i excursions a Sant Feliu de Codines \u2013 Willy's Plan\",\"isPartOf\":{\"@id\":\"https:\/\/www.willysplan.com\/#website\"},\"primaryImageOfPage\":{\"@id\":\"https:\/\/willysplan.com\/ca\/rutes\/rutes-de-senderisme-i-excursions-a-sant-feliu-de-codines#primaryimage\"},\"image\":{\"@id\":\"https:\/\/willysplan.com\/ca\/rutes\/rutes-de-senderisme-i-excursions-a-sant-feliu-de-codines#primaryimage\"},\"thumbnailUrl\":\"https:\/\/www.willysplan.com\/wp-content\/uploads\/2020\/06\/6-11.jpg\",\"datePublished\":\"2020-06-01T10:54:58+00:00\",\"dateModified\":\"2023-07-27T04:04:41+00:00\",\"description\":\"Descobreix les millors excursions i rutes de senderisme a Sant Feliu de Codines, Barcelona. \u2705 Coneix les coses a fer i veure a Sant Feliu. Entra ara!\",\"inLanguage\":\"ca\",\"potentialAction\":[{\"@type\":\"ReadAction\",\"target\":[\"https:\/\/willysplan.com\/ca\/rutes\/rutes-de-senderisme-i-excursions-a-sant-feliu-de-codines\"]}]},{\"@type\":\"ImageObject\",\"inLanguage\":\"ca\",\"@id\":\"https:\/\/willysplan.com\/ca\/rutes\/rutes-de-senderisme-i-excursions-a-sant-feliu-de-codines#primaryimage\",\"url\":\"https:\/\/www.willysplan.com\/wp-content\/uploads\/2020\/06\/6-11.jpg\",\"contentUrl\":\"https:\/\/www.willysplan.com\/wp-content\/uploads\/2020\/06\/6-11.jpg\",\"width\":1080,\"height\":1080},{\"@type\":\"WebSite\",\"@id\":\"https:\/\/www.willysplan.com\/#website\",\"url\":\"https:\/\/www.willysplan.com\/\",\"name\":\"Willy&#039;s Plan \ud83c\udf43\",\"description\":\"Escapadas y Planes de fin de semana\",\"publisher\":{\"@id\":\"https:\/\/www.willysplan.com\/#organization\"},\"potentialAction\":[{\"@type\":\"SearchAction\",\"target\":{\"@type\":\"EntryPoint\",\"urlTemplate\":\"https:\/\/www.willysplan.com\/?s={search_term_string}\"},\"query-input\":{\"@type\":\"PropertyValueSpecification\",\"valueRequired\":true,\"valueName\":\"search_term_string\"}}],\"inLanguage\":\"ca\"},{\"@type\":\"Organization\",\"@id\":\"https:\/\/www.willysplan.com\/#organization\",\"name\":\"Willy&#039;s Plan \ud83c\udf43\",\"url\":\"https:\/\/www.willysplan.com\/\",\"logo\":{\"@type\":\"ImageObject\",\"inLanguage\":\"ca\",\"@id\":\"https:\/\/www.willysplan.com\/#\/schema\/logo\/image\/\",\"url\":\"https:\/\/www.willysplan.com\/wp-content\/uploads\/2020\/04\/cropped-logo-1.png\",\"contentUrl\":\"https:\/\/www.willysplan.com\/wp-content\/uploads\/2020\/04\/cropped-logo-1.png\",\"width\":332,\"height\":332,\"caption\":\"Willy&#039;s Plan \ud83c\udf43\"},\"image\":{\"@id\":\"https:\/\/www.willysplan.com\/#\/schema\/logo\/image\/\"}},{\"@type\":\"Person\",\"@id\":\"https:\/\/www.willysplan.com\/#\/schema\/person\/6f2dbf2215cd25715df085907bd007c1\",\"name\":\"Guillem Asensio\",\"image\":{\"@type\":\"ImageObject\",\"inLanguage\":\"ca\",\"@id\":\"https:\/\/www.willysplan.com\/#\/schema\/person\/image\/\",\"url\":\"https:\/\/secure.gravatar.com\/avatar\/fd3f69da3e6cd8d451f6be79c127da046757b9a4c273deefb40b1291809cc787?s=96&d=mm&r=g\",\"contentUrl\":\"https:\/\/secure.gravatar.com\/avatar\/fd3f69da3e6cd8d451f6be79c127da046757b9a4c273deefb40b1291809cc787?s=96&d=mm&r=g\",\"caption\":\"Guillem Asensio\"},\"sameAs\":[\"https:\/\/willysplan.com\"],\"url\":\"https:\/\/www.willysplan.com\/ca\/author\/willy\"}]}<\/script>\n<!-- \/ Yoast SEO Premium plugin. -->","yoast_head_json":{"title":"Rutes i excursions a Sant Feliu de Codines \u2013 Willy's Plan","description":"Descobreix les millors excursions i rutes de senderisme a Sant Feliu de Codines, Barcelona. \u2705 Coneix les coses a fer i veure a Sant Feliu. Entra ara!","robots":{"index":"index","follow":"follow","max-snippet":"max-snippet:-1","max-image-preview":"max-image-preview:large","max-video-preview":"max-video-preview:-1"},"canonical":"https:\/\/willysplan.com\/ca\/rutes\/rutes-de-senderisme-i-excursions-a-sant-feliu-de-codines","og_locale":"ca_ES","og_type":"article","og_title":"Rutes de senderisme i excursions a Sant Feliu de Codines","og_description":"Descobreix les millors excursions i rutes de senderisme a Sant Feliu de Codines, Barcelona. \u2705 Coneix les coses a fer i veure a Sant Feliu. Entra ara!","og_url":"https:\/\/willysplan.com\/ca\/rutes\/rutes-de-senderisme-i-excursions-a-sant-feliu-de-codines","og_site_name":"Willy&#039;s Plan \ud83c\udf43","article_published_time":"2020-06-01T10:54:58+00:00","article_modified_time":"2023-07-27T04:04:41+00:00","og_image":[{"width":1080,"height":1080,"url":"https:\/\/www.willysplan.com\/wp-content\/uploads\/2020\/06\/6-11.jpg","type":"image\/jpeg"}],"author":"Guillem Asensio","twitter_card":"summary_large_image","twitter_misc":{"Escrit per":"Guillem Asensio","Temps estimat de lectura":"2 minuts"},"schema":{"@context":"https:\/\/schema.org","@graph":[{"@type":"Article","@id":"https:\/\/willysplan.com\/ca\/rutes\/rutes-de-senderisme-i-excursions-a-sant-feliu-de-codines#article","isPartOf":{"@id":"https:\/\/www.willysplan.com\/ca\/rutes\/rutes-de-senderisme-i-excursions-a-sant-feliu-de-codines"},"author":{"name":"Guillem Asensio","@id":"https:\/\/www.willysplan.com\/#\/schema\/person\/6f2dbf2215cd25715df085907bd007c1"},"headline":"Rutes de senderisme i excursions a Sant Feliu de Codines","datePublished":"2020-06-01T10:54:58+00:00","dateModified":"2023-07-27T04:04:41+00:00","mainEntityOfPage":{"@id":"https:\/\/www.willysplan.com\/ca\/rutes\/rutes-de-senderisme-i-excursions-a-sant-feliu-de-codines"},"wordCount":460,"publisher":{"@id":"https:\/\/www.willysplan.com\/#organization"},"image":{"@id":"https:\/\/willysplan.com\/ca\/rutes\/rutes-de-senderisme-i-excursions-a-sant-feliu-de-codines#primaryimage"},"thumbnailUrl":"https:\/\/www.willysplan.com\/wp-content\/uploads\/2020\/06\/6-11.jpg","keywords":["pobles barcelona","pobles catalunya","pobles valls oriental"],"articleSection":["rutes"],"inLanguage":"ca"},{"@type":"WebPage","@id":"https:\/\/www.willysplan.com\/ca\/rutes\/rutes-de-senderisme-i-excursions-a-sant-feliu-de-codines","url":"https:\/\/willysplan.com\/ca\/rutes\/rutes-de-senderisme-i-excursions-a-sant-feliu-de-codines","name":"Rutes i excursions a Sant Feliu de Codines \u2013 Willy's Plan","isPartOf":{"@id":"https:\/\/www.willysplan.com\/#website"},"primaryImageOfPage":{"@id":"https:\/\/willysplan.com\/ca\/rutes\/rutes-de-senderisme-i-excursions-a-sant-feliu-de-codines#primaryimage"},"image":{"@id":"https:\/\/willysplan.com\/ca\/rutes\/rutes-de-senderisme-i-excursions-a-sant-feliu-de-codines#primaryimage"},"thumbnailUrl":"https:\/\/www.willysplan.com\/wp-content\/uploads\/2020\/06\/6-11.jpg","datePublished":"2020-06-01T10:54:58+00:00","dateModified":"2023-07-27T04:04:41+00:00","description":"Descobreix les millors excursions i rutes de senderisme a Sant Feliu de Codines, Barcelona. \u2705 Coneix les coses a fer i veure a Sant Feliu. Entra ara!","inLanguage":"ca","potentialAction":[{"@type":"ReadAction","target":["https:\/\/willysplan.com\/ca\/rutes\/rutes-de-senderisme-i-excursions-a-sant-feliu-de-codines"]}]},{"@type":"ImageObject","inLanguage":"ca","@id":"https:\/\/willysplan.com\/ca\/rutes\/rutes-de-senderisme-i-excursions-a-sant-feliu-de-codines#primaryimage","url":"https:\/\/www.willysplan.com\/wp-content\/uploads\/2020\/06\/6-11.jpg","contentUrl":"https:\/\/www.willysplan.com\/wp-content\/uploads\/2020\/06\/6-11.jpg","width":1080,"height":1080},{"@type":"WebSite","@id":"https:\/\/www.willysplan.com\/#website","url":"https:\/\/www.willysplan.com\/","name":"Willy&#039;s Plan \ud83c\udf43","description":"Escapadas y Planes de fin de semana","publisher":{"@id":"https:\/\/www.willysplan.com\/#organization"},"potentialAction":[{"@type":"SearchAction","target":{"@type":"EntryPoint","urlTemplate":"https:\/\/www.willysplan.com\/?s={search_term_string}"},"query-input":{"@type":"PropertyValueSpecification","valueRequired":true,"valueName":"search_term_string"}}],"inLanguage":"ca"},{"@type":"Organization","@id":"https:\/\/www.willysplan.com\/#organization","name":"Willy&#039;s Plan \ud83c\udf43","url":"https:\/\/www.willysplan.com\/","logo":{"@type":"ImageObject","inLanguage":"ca","@id":"https:\/\/www.willysplan.com\/#\/schema\/logo\/image\/","url":"https:\/\/www.willysplan.com\/wp-content\/uploads\/2020\/04\/cropped-logo-1.png","contentUrl":"https:\/\/www.willysplan.com\/wp-content\/uploads\/2020\/04\/cropped-logo-1.png","width":332,"height":332,"caption":"Willy&#039;s Plan \ud83c\udf43"},"image":{"@id":"https:\/\/www.willysplan.com\/#\/schema\/logo\/image\/"}},{"@type":"Person","@id":"https:\/\/www.willysplan.com\/#\/schema\/person\/6f2dbf2215cd25715df085907bd007c1","name":"Guillem Asensio","image":{"@type":"ImageObject","inLanguage":"ca","@id":"https:\/\/www.willysplan.com\/#\/schema\/person\/image\/","url":"https:\/\/secure.gravatar.com\/avatar\/fd3f69da3e6cd8d451f6be79c127da046757b9a4c273deefb40b1291809cc787?s=96&d=mm&r=g","contentUrl":"https:\/\/secure.gravatar.com\/avatar\/fd3f69da3e6cd8d451f6be79c127da046757b9a4c273deefb40b1291809cc787?s=96&d=mm&r=g","caption":"Guillem Asensio"},"sameAs":["https:\/\/willysplan.com"],"url":"https:\/\/www.willysplan.com\/ca\/author\/willy"}]}},"_links":{"self":[{"href":"https:\/\/www.willysplan.com\/ca\/wp-json\/wp\/v2\/posts\/15726","targetHints":{"allow":["GET"]}}],"collection":[{"href":"https:\/\/www.willysplan.com\/ca\/wp-json\/wp\/v2\/posts"}],"about":[{"href":"https:\/\/www.willysplan.com\/ca\/wp-json\/wp\/v2\/types\/post"}],"author":[{"embeddable":true,"href":"https:\/\/www.willysplan.com\/ca\/wp-json\/wp\/v2\/users\/2"}],"replies":[{"embeddable":true,"href":"https:\/\/www.willysplan.com\/ca\/wp-json\/wp\/v2\/comments?post=15726"}],"version-history":[{"count":7,"href":"https:\/\/www.willysplan.com\/ca\/wp-json\/wp\/v2\/posts\/15726\/revisions"}],"predecessor-version":[{"id":21645,"href":"https:\/\/www.willysplan.com\/ca\/wp-json\/wp\/v2\/posts\/15726\/revisions\/21645"}],"wp:featuredmedia":[{"embeddable":true,"href":"https:\/\/www.willysplan.com\/ca\/wp-json\/wp\/v2\/media\/13149"}],"wp:attachment":[{"href":"https:\/\/www.willysplan.com\/ca\/wp-json\/wp\/v2\/media?parent=15726"}],"wp:term":[{"taxonomy":"category","embeddable":true,"href":"https:\/\/www.willysplan.com\/ca\/wp-json\/wp\/v2\/categories?post=15726"},{"taxonomy":"post_tag","embeddable":true,"href":"https:\/\/www.willysplan.com\/ca\/wp-json\/wp\/v2\/tags?post=15726"}],"curies":[{"name":"wp","href":"https:\/\/api.w.org\/{rel}","templated":true}]}}