{"id":15712,"date":"2020-05-24T13:10:26","date_gmt":"2020-05-24T12:10:26","guid":{"rendered":"https:\/\/willysplan.com\/uncategorized-ca\/rutes-de-senderisme-i-excursions-per-la-garrotxa"},"modified":"2023-03-20T22:09:28","modified_gmt":"2023-03-20T21:09:28","slug":"rutes-de-senderisme-i-excursions-per-la-garrotxa","status":"publish","type":"post","link":"https:\/\/www.willysplan.com\/ca\/rutes\/rutes-de-senderisme-i-excursions-per-la-garrotxa","title":{"rendered":"Rutes de senderisme i excursions per la Garrotxa"},"content":{"rendered":"\t\t<div data-elementor-type=\"wp-post\" data-elementor-id=\"15712\" class=\"elementor elementor-15712 elementor-1219\" data-elementor-post-type=\"post\">\n\t\t\t\t\t\t<section class=\"elementor-section elementor-top-section elementor-element elementor-element-f4c69cc elementor-section-boxed elementor-section-height-default elementor-section-height-default\" data-id=\"f4c69cc\" data-element_type=\"section\">\n\t\t\t\t\t\t<div class=\"elementor-container elementor-column-gap-default\">\n\t\t\t\t\t<div class=\"elementor-column elementor-col-50 elementor-top-column elementor-element elementor-element-164a862\" data-id=\"164a862\" data-element_type=\"column\">\n\t\t\t<div class=\"elementor-widget-wrap elementor-element-populated\">\n\t\t\t\t\t\t<div class=\"elementor-element elementor-element-29bc239 elementor-widget elementor-widget-text-editor\" data-id=\"29bc239\" data-element_type=\"widget\" data-widget_type=\"text-editor.default\">\n\t\t\t\t<div class=\"elementor-widget-container\">\n\t\t\t\t\t\t\t\t\t<p><span style=\"font-weight: 400;\">Si marxem cap al nord de<\/span> <b>Catalunya<\/b> <span style=\"font-weight: 400;\">gaudirem de les millors<\/span> <b>rutes per la Garrotxa.<\/b> <span style=\"font-weight: 400;\">Una comarca que captiva per tenir una de les reserves naturals de m\u00e9s inter\u00e8s nacional. A m\u00e9s, t\u00e9 el privilegi d&#8217;albergar la major activitat volc\u00e0nica del pa\u00eds.<\/span><\/p>\n<p><span style=\"font-weight: 400;\">Aquesta regi\u00f3 \u00e9s molt vers\u00e0til. Tant el seu clima com els seus paisatges varien de nord a sud, per la qual cosa durant algunes <\/span><b>excursions per la Garrotxa<\/b><span style=\"font-weight: 400;\"> \u00e9s habitual trobar-se amb un clima mediterrani de muntanya o gaudir d&#8217;estius molt calorosos. Aix\u00f2 la fa molt atractiva per als turistes, sobretot si busquen <\/span><a href=\"https:\/\/www.willysplan.com\/que-hacer\/girona\"><b>coses a fer a Girona<\/b><\/a> <b>.<\/b><\/p>\n\t\t\t\t\t\t\t\t<\/div>\n\t\t\t\t<\/div>\n\t\t\t\t\t<\/div>\n\t\t<\/div>\n\t\t\t\t<div class=\"elementor-column elementor-col-50 elementor-top-column elementor-element elementor-element-f0384f5\" data-id=\"f0384f5\" data-element_type=\"column\">\n\t\t\t<div class=\"elementor-widget-wrap elementor-element-populated\">\n\t\t\t\t\t\t<div class=\"elementor-element elementor-element-e45e529 elementor-widget elementor-widget-google_maps\" data-id=\"e45e529\" data-element_type=\"widget\" data-widget_type=\"google_maps.default\">\n\t\t\t\t<div class=\"elementor-widget-container\">\n\t\t\t\t\t\t\t<div class=\"elementor-custom-embed\">\n\t\t\t<iframe loading=\"lazy\"\n\t\t\t\t\tsrc=\"https:\/\/maps.google.com\/maps?q=la%20garrotxa&#038;t=m&#038;z=10&#038;output=embed&#038;iwloc=near\"\n\t\t\t\t\ttitle=\"la garrotxa\"\n\t\t\t\t\taria-label=\"la garrotxa\"\n\t\t\t><\/iframe>\n\t\t<\/div>\n\t\t\t\t\t\t<\/div>\n\t\t\t\t<\/div>\n\t\t\t\t\t<\/div>\n\t\t<\/div>\n\t\t\t\t\t<\/div>\n\t\t<\/section>\n\t\t\t\t<section class=\"elementor-section elementor-top-section elementor-element elementor-element-d1e1d3e elementor-section-boxed elementor-section-height-default elementor-section-height-default\" data-id=\"d1e1d3e\" data-element_type=\"section\">\n\t\t\t\t\t\t<div class=\"elementor-container elementor-column-gap-default\">\n\t\t\t\t\t<div class=\"elementor-column elementor-col-100 elementor-top-column elementor-element elementor-element-8fb6451\" data-id=\"8fb6451\" data-element_type=\"column\">\n\t\t\t<div class=\"elementor-widget-wrap elementor-element-populated\">\n\t\t\t\t\t\t<div class=\"elementor-element elementor-element-24f448f elementor-widget elementor-widget-heading\" data-id=\"24f448f\" data-element_type=\"widget\" data-widget_type=\"heading.default\">\n\t\t\t\t<div class=\"elementor-widget-container\">\n\t\t\t\t\t<h2 class=\"elementor-heading-title elementor-size-default\">Qu\u00e8 veure a la Garrotxa?<\/h2>\t\t\t\t<\/div>\n\t\t\t\t<\/div>\n\t\t\t\t\t<\/div>\n\t\t<\/div>\n\t\t\t\t\t<\/div>\n\t\t<\/section>\n\t\t\t\t<section class=\"elementor-section elementor-top-section elementor-element elementor-element-53c42cc elementor-section-boxed elementor-section-height-default elementor-section-height-default\" data-id=\"53c42cc\" data-element_type=\"section\">\n\t\t\t\t\t\t<div class=\"elementor-container elementor-column-gap-default\">\n\t\t\t\t\t<div class=\"elementor-column elementor-col-100 elementor-top-column elementor-element elementor-element-ffc4726\" data-id=\"ffc4726\" data-element_type=\"column\">\n\t\t\t<div class=\"elementor-widget-wrap elementor-element-populated\">\n\t\t\t\t\t\t<div class=\"elementor-element elementor-element-7f4a89a elementor-widget elementor-widget-image\" data-id=\"7f4a89a\" data-element_type=\"widget\" data-widget_type=\"image.default\">\n\t\t\t\t<div class=\"elementor-widget-container\">\n\t\t\t\t\t\t\t\t\t\t\t\t\t\t\t<img fetchpriority=\"high\" decoding=\"async\" width=\"768\" height=\"432\" src=\"https:\/\/www.willysplan.com\/wp-content\/uploads\/2020\/05\/rutas-por-la-garrotxa-PAINT-768x432.jpg\" class=\"attachment-medium_large size-medium_large wp-image-13255\" alt=\"\" srcset=\"https:\/\/www.willysplan.com\/wp-content\/uploads\/2020\/05\/rutas-por-la-garrotxa-PAINT-768x432.jpg 768w, https:\/\/www.willysplan.com\/wp-content\/uploads\/2020\/05\/rutas-por-la-garrotxa-PAINT-300x169.jpg 300w, https:\/\/www.willysplan.com\/wp-content\/uploads\/2020\/05\/rutas-por-la-garrotxa-PAINT-1024x576.jpg 1024w, https:\/\/www.willysplan.com\/wp-content\/uploads\/2020\/05\/rutas-por-la-garrotxa-PAINT-960x540.jpg 960w, https:\/\/www.willysplan.com\/wp-content\/uploads\/2020\/05\/rutas-por-la-garrotxa-PAINT-711x400.jpg 711w, https:\/\/www.willysplan.com\/wp-content\/uploads\/2020\/05\/rutas-por-la-garrotxa-PAINT-585x329.jpg 585w, https:\/\/www.willysplan.com\/wp-content\/uploads\/2020\/05\/rutas-por-la-garrotxa-PAINT-600x338.jpg 600w, https:\/\/www.willysplan.com\/wp-content\/uploads\/2020\/05\/rutas-por-la-garrotxa-PAINT.jpg 1200w\" sizes=\"(max-width: 768px) 100vw, 768px\" \/>\t\t\t\t\t\t\t\t\t\t\t\t\t\t\t<\/div>\n\t\t\t\t<\/div>\n\t\t\t\t\t<\/div>\n\t\t<\/div>\n\t\t\t\t\t<\/div>\n\t\t<\/section>\n\t\t\t\t<section class=\"elementor-section elementor-top-section elementor-element elementor-element-9274027 elementor-section-boxed elementor-section-height-default elementor-section-height-default\" data-id=\"9274027\" data-element_type=\"section\">\n\t\t\t\t\t\t<div class=\"elementor-container elementor-column-gap-default\">\n\t\t\t\t\t<div class=\"elementor-column elementor-col-100 elementor-top-column elementor-element elementor-element-8d0b027\" data-id=\"8d0b027\" data-element_type=\"column\">\n\t\t\t<div class=\"elementor-widget-wrap elementor-element-populated\">\n\t\t\t\t\t\t<div class=\"elementor-element elementor-element-13b5c01 elementor-widget elementor-widget-text-editor\" data-id=\"13b5c01\" data-element_type=\"widget\" data-widget_type=\"text-editor.default\">\n\t\t\t\t<div class=\"elementor-widget-container\">\n\t\t\t\t\t\t\t\t\t<p><span style=\"font-weight: 400;\">Tenint en compte l&#8217;\u00e0mplia oferta de llocs<\/span> <b>per visitar a la Garrotxa<\/b> <span style=\"font-weight: 400;\">i la proximitat amb Barcelona, plantejar-se una escapada per aquesta comarca pot resultar fenomenal.<\/span> <\/p>\n<p><span style=\"font-weight: 400;\">Hem d&#8217;advertir-te que \u00e9s un territori molt gran i el seu atractiu el pots trobar tant a la part baixa de la comarca com al nord de la mateixa; pel fet que n&#8217;hi ha moltes <\/span><b>coses a veure a la Garrotxa. <\/b><span style=\"font-weight: 400;\">Tu tries quina de les dues est\u00e0s disposat a donar-li una oportunitat o per qu\u00e8 no totes dues?<\/span><\/p>\n\t\t\t\t\t\t\t\t<\/div>\n\t\t\t\t<\/div>\n\t\t\t\t\t<\/div>\n\t\t<\/div>\n\t\t\t\t\t<\/div>\n\t\t<\/section>\n\t\t\t\t<section class=\"elementor-section elementor-top-section elementor-element elementor-element-aaf8e46 elementor-section-boxed elementor-section-height-default elementor-section-height-default\" data-id=\"aaf8e46\" data-element_type=\"section\">\n\t\t\t\t\t\t<div class=\"elementor-container elementor-column-gap-default\">\n\t\t\t\t\t<div class=\"elementor-column elementor-col-100 elementor-top-column elementor-element elementor-element-4cee3de\" data-id=\"4cee3de\" data-element_type=\"column\">\n\t\t\t<div class=\"elementor-widget-wrap elementor-element-populated\">\n\t\t\t\t\t\t<div class=\"elementor-element elementor-element-241f678 elementor-widget elementor-widget-heading\" data-id=\"241f678\" data-element_type=\"widget\" data-widget_type=\"heading.default\">\n\t\t\t\t<div class=\"elementor-widget-container\">\n\t\t\t\t\t<h3 class=\"elementor-heading-title elementor-size-default\">Pobles de la Garrotxa<\/h3>\t\t\t\t<\/div>\n\t\t\t\t<\/div>\n\t\t\t\t\t<\/div>\n\t\t<\/div>\n\t\t\t\t\t<\/div>\n\t\t<\/section>\n\t\t\t\t<section class=\"elementor-section elementor-top-section elementor-element elementor-element-c78f0d5 elementor-section-boxed elementor-section-height-default elementor-section-height-default\" data-id=\"c78f0d5\" data-element_type=\"section\">\n\t\t\t\t\t\t<div class=\"elementor-container elementor-column-gap-default\">\n\t\t\t\t\t<div class=\"elementor-column elementor-col-100 elementor-top-column elementor-element elementor-element-e8099c1\" data-id=\"e8099c1\" data-element_type=\"column\">\n\t\t\t<div class=\"elementor-widget-wrap elementor-element-populated\">\n\t\t\t\t\t\t<div class=\"elementor-element elementor-element-9d79bd6 elementor-widget elementor-widget-text-editor\" data-id=\"9d79bd6\" data-element_type=\"widget\" data-widget_type=\"text-editor.default\">\n\t\t\t\t<div class=\"elementor-widget-container\">\n\t\t\t\t\t\t\t\t\t<p><span style=\"font-weight: 400;\">Si et decideixes per anar a la<\/span> <b>baixa Garrotxa<\/b> <span style=\"font-weight: 400;\">no deixis de visitar<\/span> <b>Olot<\/b><span style=\"font-weight: 400;\">. Un poble de contrastos medievals i modernetes, que et fascin\u00e9s! <\/span><\/p>\n<p><span style=\"font-weight: 400;\">Aix\u00ed doncs, si la vostra opci\u00f3 \u00e9s l&#8217;<\/span> <b>alta Garrotxa<\/b> <span style=\"font-weight: 400;\">, no deixeu de passar pel<\/span> <b>parc natural de la Zona Volc\u00e0nica<\/b> <span style=\"font-weight: 400;\">, ubicat a la prov\u00edncia de<\/span> <b>Girona<\/b><span style=\"font-weight: 400;\">. Sens dubte, un lloc ple de naturalesa i molta vida animal. Descobreix la m\u00e0gia dels <strong>p<\/strong><\/span><b>mobles de la Garrotxa<\/b> <span style=\"font-weight: 400;\">i comen\u00e7a l\u00b4aventura!<\/span><\/p>\n\t\t\t\t\t\t\t\t<\/div>\n\t\t\t\t<\/div>\n\t\t\t\t\t<\/div>\n\t\t<\/div>\n\t\t\t\t\t<\/div>\n\t\t<\/section>\n\t\t\t\t<section class=\"elementor-section elementor-top-section elementor-element elementor-element-cb4919a elementor-section-boxed elementor-section-height-default elementor-section-height-default\" data-id=\"cb4919a\" data-element_type=\"section\">\n\t\t\t\t\t\t<div class=\"elementor-container elementor-column-gap-default\">\n\t\t\t\t\t<div class=\"elementor-column elementor-col-100 elementor-top-column elementor-element elementor-element-dd91baa\" data-id=\"dd91baa\" data-element_type=\"column\">\n\t\t\t<div class=\"elementor-widget-wrap elementor-element-populated\">\n\t\t\t\t\t\t\t<\/div>\n\t\t<\/div>\n\t\t\t\t\t<\/div>\n\t\t<\/section>\n\t\t\t\t<section class=\"elementor-section elementor-top-section elementor-element elementor-element-969debc elementor-section-boxed elementor-section-height-default elementor-section-height-default\" data-id=\"969debc\" data-element_type=\"section\">\n\t\t\t\t\t\t<div class=\"elementor-container elementor-column-gap-default\">\n\t\t\t\t\t<div class=\"elementor-column elementor-col-100 elementor-top-column elementor-element elementor-element-47bc789\" data-id=\"47bc789\" data-element_type=\"column\">\n\t\t\t<div class=\"elementor-widget-wrap elementor-element-populated\">\n\t\t\t\t\t\t<div class=\"elementor-element elementor-element-9b11989 elementor-widget elementor-widget-heading\" data-id=\"9b11989\" data-element_type=\"widget\" data-widget_type=\"heading.default\">\n\t\t\t\t<div class=\"elementor-widget-container\">\n\t\t\t\t\t<h2 class=\"elementor-heading-title elementor-size-default\">Qu\u00e8 fer a la Garrotxa?<\/h2>\t\t\t\t<\/div>\n\t\t\t\t<\/div>\n\t\t\t\t\t<\/div>\n\t\t<\/div>\n\t\t\t\t\t<\/div>\n\t\t<\/section>\n\t\t\t\t<section class=\"elementor-section elementor-top-section elementor-element elementor-element-a27a2af elementor-section-boxed elementor-section-height-default elementor-section-height-default\" data-id=\"a27a2af\" data-element_type=\"section\">\n\t\t\t\t\t\t<div class=\"elementor-container elementor-column-gap-default\">\n\t\t\t\t\t<div class=\"elementor-column elementor-col-100 elementor-top-column elementor-element elementor-element-998f114\" data-id=\"998f114\" data-element_type=\"column\">\n\t\t\t<div class=\"elementor-widget-wrap elementor-element-populated\">\n\t\t\t\t\t\t<div class=\"elementor-element elementor-element-9763475 elementor-widget elementor-widget-text-editor\" data-id=\"9763475\" data-element_type=\"widget\" data-widget_type=\"text-editor.default\">\n\t\t\t\t<div class=\"elementor-widget-container\">\n\t\t\t\t\t\t\t\t\t<p><span style=\"font-weight: 400;\">La diversi\u00f3 d\u00b4aquesta comarca est\u00e0 relacionada amb l\u00b4aventura i els plans al\u00b4aire lliure. Entre les moltes<\/span> <b>coses a fer a la Garrotxa<\/b> <span style=\"font-weight: 400;\">, podem destacar un passeig amb bici, a peu o en burro; una experi\u00e8ncia ideal si busques<\/span> <b>qu\u00e8 fer a la Garrotxa amb nens,<\/b> <span style=\"font-weight: 400;\">els m\u00e9s petits de la casa ho gaudiran al m\u00e0xim!<\/span> <span style=\"font-weight: 400;\">Aqu\u00ed els esports d&#8217;aventura no es fan esperar i gaireb\u00e9 \u00e9s una cita obligada per als m\u00e9s intr\u00e8pids. Podr\u00e0s trobar des de barranquisme fins a escalada, nom\u00e9s cal buscar-les <\/span><b>rutes per la Garrotxa<\/b> <span style=\"font-weight: 400;\">m\u00e9s adequades, les quals estan senyalitzades i hi ha mapes gratu\u00efts que t&#8217;hi porten.<\/span><\/p>\n<p><span style=\"font-weight: 400;\">Qu\u00e8 tal gaudir una de les<\/span> <b>excursions per la Garatoxa<\/b> <span style=\"font-weight: 400;\">amb globus? Aix\u00f2 \u00e9s una cosa que tamb\u00e9 pots fer en aquesta regi\u00f3, nom\u00e9s ho has de programar amb una mica d&#8217;anticipaci\u00f3 i viure una experi\u00e8ncia fascinant des de les altures. \u00a1Sens dubte un lloc on l&#8217;aventura t&#8217;espera!<\/span><\/p>\n\t\t\t\t\t\t\t\t<\/div>\n\t\t\t\t<\/div>\n\t\t\t\t\t<\/div>\n\t\t<\/div>\n\t\t\t\t\t<\/div>\n\t\t<\/section>\n\t\t\t\t<section class=\"elementor-section elementor-top-section elementor-element elementor-element-ab4f3cf elementor-section-boxed elementor-section-height-default elementor-section-height-default\" data-id=\"ab4f3cf\" data-element_type=\"section\">\n\t\t\t\t\t\t<div class=\"elementor-container elementor-column-gap-default\">\n\t\t\t\t\t<div class=\"elementor-column elementor-col-100 elementor-top-column elementor-element elementor-element-7d6ce30\" data-id=\"7d6ce30\" data-element_type=\"column\">\n\t\t\t<div class=\"elementor-widget-wrap elementor-element-populated\">\n\t\t\t\t\t\t\t<\/div>\n\t\t<\/div>\n\t\t\t\t\t<\/div>\n\t\t<\/section>\n\t\t\t\t<\/div>\n\t\t","protected":false},"excerpt":{"rendered":"<p>Si marxem cap al nord de Catalunya gaudirem de les millors rutes per la Garrotxa. Una comarca que captiva per tenir una de les reserves naturals de m\u00e9s inter\u00e8s nacional. A m\u00e9s, t\u00e9 el privilegi d&#8217;albergar la major activitat volc\u00e0nica del pa\u00eds. Aquesta regi\u00f3 \u00e9s molt vers\u00e0til. Tant el seu clima com els seus paisatges&hellip;&nbsp;<a href=\"https:\/\/www.willysplan.com\/ca\/rutes\/rutes-de-senderisme-i-excursions-per-la-garrotxa\" rel=\"bookmark\">Llegiu m\u00e9s &raquo;<span class=\"screen-reader-text\">Rutes de senderisme i excursions per la Garrotxa<\/span><\/a><\/p>\n","protected":false},"author":1,"featured_media":13123,"comment_status":"closed","ping_status":"closed","sticky":false,"template":"","format":"standard","meta":{"neve_meta_sidebar":"","neve_meta_container":"","neve_meta_enable_content_width":"","neve_meta_content_width":0,"neve_meta_title_alignment":"","neve_meta_author_avatar":"","neve_post_elements_order":"","neve_meta_disable_header":"","neve_meta_disable_footer":"","neve_meta_disable_title":"","_joinchat":[],"footnotes":""},"categories":[323],"tags":[324,329],"class_list":["post-15712","post","type-post","status-publish","format-standard","has-post-thumbnail","hentry","category-rutes","tag-comarca-catalunya","tag-comarca-girona-ca"],"yoast_head":"<!-- This site is optimized with the Yoast SEO Premium plugin v20.1 (Yoast SEO v26.9) - https:\/\/yoast.com\/product\/yoast-seo-premium-wordpress\/ -->\n<title>Rutes i excursions per La Garrotxa \u2013 Willy&#039;s plan<\/title>\n<meta name=\"description\" content=\"Descobreix les millors excursions i rutes de senderisme a La Garrotxa, Girona. \u2705 Coneix les m\u00faltiples coses a fer i veure a la Garrotxa Entra ara!\" \/>\n<meta name=\"robots\" content=\"index, follow, max-snippet:-1, max-image-preview:large, max-video-preview:-1\" \/>\n<link rel=\"canonical\" href=\"https:\/\/willysplan.com\/ca\/rutes\/rutes-de-senderisme-i-excursions-per-la-garrotxa\" \/>\n<meta property=\"og:locale\" content=\"ca_ES\" \/>\n<meta property=\"og:type\" content=\"article\" \/>\n<meta property=\"og:title\" content=\"Rutes de senderisme i excursions per la Garrotxa\" \/>\n<meta property=\"og:description\" content=\"Descobreix les millors excursions i rutes de senderisme a La Garrotxa, Girona. \u2705 Coneix les m\u00faltiples coses a fer i veure a la Garrotxa Entra ara!\" \/>\n<meta property=\"og:url\" content=\"https:\/\/willysplan.com\/ca\/rutes\/rutes-de-senderisme-i-excursions-per-la-garrotxa\" \/>\n<meta property=\"og:site_name\" content=\"Willy&#039;s Plan \ud83c\udf43\" \/>\n<meta property=\"article:published_time\" content=\"2020-05-24T12:10:26+00:00\" \/>\n<meta property=\"article:modified_time\" content=\"2023-03-20T21:09:28+00:00\" \/>\n<meta property=\"og:image\" content=\"https:\/\/www.willysplan.com\/wp-content\/uploads\/2020\/05\/ermita-de-sant-marti-del-corb-garrotxa1.jpg\" \/>\n\t<meta property=\"og:image:width\" content=\"582\" \/>\n\t<meta property=\"og:image:height\" content=\"418\" \/>\n\t<meta property=\"og:image:type\" content=\"image\/jpeg\" \/>\n<meta name=\"author\" content=\"admin\" \/>\n<meta name=\"twitter:card\" content=\"summary_large_image\" \/>\n<meta name=\"twitter:label1\" content=\"Escrit per\" \/>\n\t<meta name=\"twitter:data1\" content=\"admin\" \/>\n\t<meta name=\"twitter:label2\" content=\"Temps estimat de lectura\" \/>\n\t<meta name=\"twitter:data2\" content=\"2 minuts\" \/>\n<script type=\"application\/ld+json\" class=\"yoast-schema-graph\">{\"@context\":\"https:\/\/schema.org\",\"@graph\":[{\"@type\":\"Article\",\"@id\":\"https:\/\/willysplan.com\/ca\/rutes\/rutes-de-senderisme-i-excursions-per-la-garrotxa#article\",\"isPartOf\":{\"@id\":\"https:\/\/www.willysplan.com\/ca\/rutes\/rutes-de-senderisme-i-excursions-per-la-garrotxa\"},\"author\":{\"name\":\"admin\",\"@id\":\"https:\/\/www.willysplan.com\/#\/schema\/person\/58c1527a9a42e9b18a877f14136f1d47\"},\"headline\":\"Rutes de senderisme i excursions per la Garrotxa\",\"datePublished\":\"2020-05-24T12:10:26+00:00\",\"dateModified\":\"2023-03-20T21:09:28+00:00\",\"mainEntityOfPage\":{\"@id\":\"https:\/\/www.willysplan.com\/ca\/rutes\/rutes-de-senderisme-i-excursions-per-la-garrotxa\"},\"wordCount\":468,\"publisher\":{\"@id\":\"https:\/\/www.willysplan.com\/#organization\"},\"image\":{\"@id\":\"https:\/\/willysplan.com\/ca\/rutes\/rutes-de-senderisme-i-excursions-per-la-garrotxa#primaryimage\"},\"thumbnailUrl\":\"https:\/\/www.willysplan.com\/wp-content\/uploads\/2020\/05\/ermita-de-sant-marti-del-corb-garrotxa1.jpg\",\"keywords\":[\"comarca catalunya\",\"comarca girona\"],\"articleSection\":[\"rutes\"],\"inLanguage\":\"ca\"},{\"@type\":\"WebPage\",\"@id\":\"https:\/\/www.willysplan.com\/ca\/rutes\/rutes-de-senderisme-i-excursions-per-la-garrotxa\",\"url\":\"https:\/\/willysplan.com\/ca\/rutes\/rutes-de-senderisme-i-excursions-per-la-garrotxa\",\"name\":\"Rutes i excursions per La Garrotxa \u2013 Willy's plan\",\"isPartOf\":{\"@id\":\"https:\/\/www.willysplan.com\/#website\"},\"primaryImageOfPage\":{\"@id\":\"https:\/\/willysplan.com\/ca\/rutes\/rutes-de-senderisme-i-excursions-per-la-garrotxa#primaryimage\"},\"image\":{\"@id\":\"https:\/\/willysplan.com\/ca\/rutes\/rutes-de-senderisme-i-excursions-per-la-garrotxa#primaryimage\"},\"thumbnailUrl\":\"https:\/\/www.willysplan.com\/wp-content\/uploads\/2020\/05\/ermita-de-sant-marti-del-corb-garrotxa1.jpg\",\"datePublished\":\"2020-05-24T12:10:26+00:00\",\"dateModified\":\"2023-03-20T21:09:28+00:00\",\"description\":\"Descobreix les millors excursions i rutes de senderisme a La Garrotxa, Girona. \u2705 Coneix les m\u00faltiples coses a fer i veure a la Garrotxa Entra ara!\",\"inLanguage\":\"ca\",\"potentialAction\":[{\"@type\":\"ReadAction\",\"target\":[\"https:\/\/willysplan.com\/ca\/rutes\/rutes-de-senderisme-i-excursions-per-la-garrotxa\"]}]},{\"@type\":\"ImageObject\",\"inLanguage\":\"ca\",\"@id\":\"https:\/\/willysplan.com\/ca\/rutes\/rutes-de-senderisme-i-excursions-per-la-garrotxa#primaryimage\",\"url\":\"https:\/\/www.willysplan.com\/wp-content\/uploads\/2020\/05\/ermita-de-sant-marti-del-corb-garrotxa1.jpg\",\"contentUrl\":\"https:\/\/www.willysplan.com\/wp-content\/uploads\/2020\/05\/ermita-de-sant-marti-del-corb-garrotxa1.jpg\",\"width\":582,\"height\":418},{\"@type\":\"WebSite\",\"@id\":\"https:\/\/www.willysplan.com\/#website\",\"url\":\"https:\/\/www.willysplan.com\/\",\"name\":\"Willy&#039;s Plan \ud83c\udf43\",\"description\":\"Escapadas y Planes de fin de semana\",\"publisher\":{\"@id\":\"https:\/\/www.willysplan.com\/#organization\"},\"potentialAction\":[{\"@type\":\"SearchAction\",\"target\":{\"@type\":\"EntryPoint\",\"urlTemplate\":\"https:\/\/www.willysplan.com\/?s={search_term_string}\"},\"query-input\":{\"@type\":\"PropertyValueSpecification\",\"valueRequired\":true,\"valueName\":\"search_term_string\"}}],\"inLanguage\":\"ca\"},{\"@type\":\"Organization\",\"@id\":\"https:\/\/www.willysplan.com\/#organization\",\"name\":\"Willy&#039;s Plan \ud83c\udf43\",\"url\":\"https:\/\/www.willysplan.com\/\",\"logo\":{\"@type\":\"ImageObject\",\"inLanguage\":\"ca\",\"@id\":\"https:\/\/www.willysplan.com\/#\/schema\/logo\/image\/\",\"url\":\"https:\/\/www.willysplan.com\/wp-content\/uploads\/2020\/04\/cropped-logo-1.png\",\"contentUrl\":\"https:\/\/www.willysplan.com\/wp-content\/uploads\/2020\/04\/cropped-logo-1.png\",\"width\":332,\"height\":332,\"caption\":\"Willy&#039;s Plan \ud83c\udf43\"},\"image\":{\"@id\":\"https:\/\/www.willysplan.com\/#\/schema\/logo\/image\/\"}},{\"@type\":\"Person\",\"@id\":\"https:\/\/www.willysplan.com\/#\/schema\/person\/58c1527a9a42e9b18a877f14136f1d47\",\"name\":\"admin\",\"image\":{\"@type\":\"ImageObject\",\"inLanguage\":\"ca\",\"@id\":\"https:\/\/www.willysplan.com\/#\/schema\/person\/image\/\",\"url\":\"https:\/\/secure.gravatar.com\/avatar\/0b8d78e655d83cc71e0a6cd6cb0f0f99929604cd70ff0f7ac1713f248945ea9d?s=96&d=mm&r=g\",\"contentUrl\":\"https:\/\/secure.gravatar.com\/avatar\/0b8d78e655d83cc71e0a6cd6cb0f0f99929604cd70ff0f7ac1713f248945ea9d?s=96&d=mm&r=g\",\"caption\":\"admin\"},\"url\":\"https:\/\/www.willysplan.com\/ca\/author\/admin\"}]}<\/script>\n<!-- \/ Yoast SEO Premium plugin. -->","yoast_head_json":{"title":"Rutes i excursions per La Garrotxa \u2013 Willy's plan","description":"Descobreix les millors excursions i rutes de senderisme a La Garrotxa, Girona. \u2705 Coneix les m\u00faltiples coses a fer i veure a la Garrotxa Entra ara!","robots":{"index":"index","follow":"follow","max-snippet":"max-snippet:-1","max-image-preview":"max-image-preview:large","max-video-preview":"max-video-preview:-1"},"canonical":"https:\/\/willysplan.com\/ca\/rutes\/rutes-de-senderisme-i-excursions-per-la-garrotxa","og_locale":"ca_ES","og_type":"article","og_title":"Rutes de senderisme i excursions per la Garrotxa","og_description":"Descobreix les millors excursions i rutes de senderisme a La Garrotxa, Girona. \u2705 Coneix les m\u00faltiples coses a fer i veure a la Garrotxa Entra ara!","og_url":"https:\/\/willysplan.com\/ca\/rutes\/rutes-de-senderisme-i-excursions-per-la-garrotxa","og_site_name":"Willy&#039;s Plan \ud83c\udf43","article_published_time":"2020-05-24T12:10:26+00:00","article_modified_time":"2023-03-20T21:09:28+00:00","og_image":[{"width":582,"height":418,"url":"https:\/\/www.willysplan.com\/wp-content\/uploads\/2020\/05\/ermita-de-sant-marti-del-corb-garrotxa1.jpg","type":"image\/jpeg"}],"author":"admin","twitter_card":"summary_large_image","twitter_misc":{"Escrit per":"admin","Temps estimat de lectura":"2 minuts"},"schema":{"@context":"https:\/\/schema.org","@graph":[{"@type":"Article","@id":"https:\/\/willysplan.com\/ca\/rutes\/rutes-de-senderisme-i-excursions-per-la-garrotxa#article","isPartOf":{"@id":"https:\/\/www.willysplan.com\/ca\/rutes\/rutes-de-senderisme-i-excursions-per-la-garrotxa"},"author":{"name":"admin","@id":"https:\/\/www.willysplan.com\/#\/schema\/person\/58c1527a9a42e9b18a877f14136f1d47"},"headline":"Rutes de senderisme i excursions per la Garrotxa","datePublished":"2020-05-24T12:10:26+00:00","dateModified":"2023-03-20T21:09:28+00:00","mainEntityOfPage":{"@id":"https:\/\/www.willysplan.com\/ca\/rutes\/rutes-de-senderisme-i-excursions-per-la-garrotxa"},"wordCount":468,"publisher":{"@id":"https:\/\/www.willysplan.com\/#organization"},"image":{"@id":"https:\/\/willysplan.com\/ca\/rutes\/rutes-de-senderisme-i-excursions-per-la-garrotxa#primaryimage"},"thumbnailUrl":"https:\/\/www.willysplan.com\/wp-content\/uploads\/2020\/05\/ermita-de-sant-marti-del-corb-garrotxa1.jpg","keywords":["comarca catalunya","comarca girona"],"articleSection":["rutes"],"inLanguage":"ca"},{"@type":"WebPage","@id":"https:\/\/www.willysplan.com\/ca\/rutes\/rutes-de-senderisme-i-excursions-per-la-garrotxa","url":"https:\/\/willysplan.com\/ca\/rutes\/rutes-de-senderisme-i-excursions-per-la-garrotxa","name":"Rutes i excursions per La Garrotxa \u2013 Willy's plan","isPartOf":{"@id":"https:\/\/www.willysplan.com\/#website"},"primaryImageOfPage":{"@id":"https:\/\/willysplan.com\/ca\/rutes\/rutes-de-senderisme-i-excursions-per-la-garrotxa#primaryimage"},"image":{"@id":"https:\/\/willysplan.com\/ca\/rutes\/rutes-de-senderisme-i-excursions-per-la-garrotxa#primaryimage"},"thumbnailUrl":"https:\/\/www.willysplan.com\/wp-content\/uploads\/2020\/05\/ermita-de-sant-marti-del-corb-garrotxa1.jpg","datePublished":"2020-05-24T12:10:26+00:00","dateModified":"2023-03-20T21:09:28+00:00","description":"Descobreix les millors excursions i rutes de senderisme a La Garrotxa, Girona. \u2705 Coneix les m\u00faltiples coses a fer i veure a la Garrotxa Entra ara!","inLanguage":"ca","potentialAction":[{"@type":"ReadAction","target":["https:\/\/willysplan.com\/ca\/rutes\/rutes-de-senderisme-i-excursions-per-la-garrotxa"]}]},{"@type":"ImageObject","inLanguage":"ca","@id":"https:\/\/willysplan.com\/ca\/rutes\/rutes-de-senderisme-i-excursions-per-la-garrotxa#primaryimage","url":"https:\/\/www.willysplan.com\/wp-content\/uploads\/2020\/05\/ermita-de-sant-marti-del-corb-garrotxa1.jpg","contentUrl":"https:\/\/www.willysplan.com\/wp-content\/uploads\/2020\/05\/ermita-de-sant-marti-del-corb-garrotxa1.jpg","width":582,"height":418},{"@type":"WebSite","@id":"https:\/\/www.willysplan.com\/#website","url":"https:\/\/www.willysplan.com\/","name":"Willy&#039;s Plan \ud83c\udf43","description":"Escapadas y Planes de fin de semana","publisher":{"@id":"https:\/\/www.willysplan.com\/#organization"},"potentialAction":[{"@type":"SearchAction","target":{"@type":"EntryPoint","urlTemplate":"https:\/\/www.willysplan.com\/?s={search_term_string}"},"query-input":{"@type":"PropertyValueSpecification","valueRequired":true,"valueName":"search_term_string"}}],"inLanguage":"ca"},{"@type":"Organization","@id":"https:\/\/www.willysplan.com\/#organization","name":"Willy&#039;s Plan \ud83c\udf43","url":"https:\/\/www.willysplan.com\/","logo":{"@type":"ImageObject","inLanguage":"ca","@id":"https:\/\/www.willysplan.com\/#\/schema\/logo\/image\/","url":"https:\/\/www.willysplan.com\/wp-content\/uploads\/2020\/04\/cropped-logo-1.png","contentUrl":"https:\/\/www.willysplan.com\/wp-content\/uploads\/2020\/04\/cropped-logo-1.png","width":332,"height":332,"caption":"Willy&#039;s Plan \ud83c\udf43"},"image":{"@id":"https:\/\/www.willysplan.com\/#\/schema\/logo\/image\/"}},{"@type":"Person","@id":"https:\/\/www.willysplan.com\/#\/schema\/person\/58c1527a9a42e9b18a877f14136f1d47","name":"admin","image":{"@type":"ImageObject","inLanguage":"ca","@id":"https:\/\/www.willysplan.com\/#\/schema\/person\/image\/","url":"https:\/\/secure.gravatar.com\/avatar\/0b8d78e655d83cc71e0a6cd6cb0f0f99929604cd70ff0f7ac1713f248945ea9d?s=96&d=mm&r=g","contentUrl":"https:\/\/secure.gravatar.com\/avatar\/0b8d78e655d83cc71e0a6cd6cb0f0f99929604cd70ff0f7ac1713f248945ea9d?s=96&d=mm&r=g","caption":"admin"},"url":"https:\/\/www.willysplan.com\/ca\/author\/admin"}]}},"_links":{"self":[{"href":"https:\/\/www.willysplan.com\/ca\/wp-json\/wp\/v2\/posts\/15712","targetHints":{"allow":["GET"]}}],"collection":[{"href":"https:\/\/www.willysplan.com\/ca\/wp-json\/wp\/v2\/posts"}],"about":[{"href":"https:\/\/www.willysplan.com\/ca\/wp-json\/wp\/v2\/types\/post"}],"author":[{"embeddable":true,"href":"https:\/\/www.willysplan.com\/ca\/wp-json\/wp\/v2\/users\/1"}],"replies":[{"embeddable":true,"href":"https:\/\/www.willysplan.com\/ca\/wp-json\/wp\/v2\/comments?post=15712"}],"version-history":[{"count":3,"href":"https:\/\/www.willysplan.com\/ca\/wp-json\/wp\/v2\/posts\/15712\/revisions"}],"predecessor-version":[{"id":17691,"href":"https:\/\/www.willysplan.com\/ca\/wp-json\/wp\/v2\/posts\/15712\/revisions\/17691"}],"wp:featuredmedia":[{"embeddable":true,"href":"https:\/\/www.willysplan.com\/ca\/wp-json\/wp\/v2\/media\/13123"}],"wp:attachment":[{"href":"https:\/\/www.willysplan.com\/ca\/wp-json\/wp\/v2\/media?parent=15712"}],"wp:term":[{"taxonomy":"category","embeddable":true,"href":"https:\/\/www.willysplan.com\/ca\/wp-json\/wp\/v2\/categories?post=15712"},{"taxonomy":"post_tag","embeddable":true,"href":"https:\/\/www.willysplan.com\/ca\/wp-json\/wp\/v2\/tags?post=15712"}],"curies":[{"name":"wp","href":"https:\/\/api.w.org\/{rel}","templated":true}]}}