{"id":15711,"date":"2020-06-01T09:56:37","date_gmt":"2020-06-01T08:56:37","guid":{"rendered":"https:\/\/willysplan.com\/uncategorized-ca\/rutes-de-senderisme-i-excursions-pel-garraf"},"modified":"2023-07-24T18:03:44","modified_gmt":"2023-07-24T17:03:44","slug":"rutes-de-senderisme-i-excursions-pel-garraf","status":"publish","type":"post","link":"https:\/\/www.willysplan.com\/ca\/rutes\/rutes-de-senderisme-i-excursions-pel-garraf","title":{"rendered":"Rutes de senderisme i excursions pel Garraf"},"content":{"rendered":"\t\t<div data-elementor-type=\"wp-post\" data-elementor-id=\"15711\" class=\"elementor elementor-15711 elementor-1256\" data-elementor-post-type=\"post\">\n\t\t\t\t\t\t<section class=\"elementor-section elementor-top-section elementor-element elementor-element-f4c69cc elementor-section-boxed elementor-section-height-default elementor-section-height-default\" data-id=\"f4c69cc\" data-element_type=\"section\">\n\t\t\t\t\t\t<div class=\"elementor-container elementor-column-gap-default\">\n\t\t\t\t\t<div class=\"elementor-column elementor-col-50 elementor-top-column elementor-element elementor-element-164a862\" data-id=\"164a862\" data-element_type=\"column\">\n\t\t\t<div class=\"elementor-widget-wrap elementor-element-populated\">\n\t\t\t\t\t\t<div class=\"elementor-element elementor-element-29bc239 elementor-widget elementor-widget-text-editor\" data-id=\"29bc239\" data-element_type=\"widget\" data-widget_type=\"text-editor.default\">\n\t\t\t\t<div class=\"elementor-widget-container\">\n\t\t\t\t\t\t\t\t\t<p><span style=\"font-weight: 400;\">Viu el<\/span> <b>Garraf<\/b> <span style=\"font-weight: 400;\">al m\u00e0xim! gaudeix d\u00b4una aventura excepcional a les costes m\u00e9s exclusives del mediterrani. Si cerques rutes alternatives una vegada hagis vist les <\/span><a href=\"https:\/\/www.willysplan.com\/ca\/idees\/les-20-millors-coses-a-fer-a-barcelona\"><b>millors coses a fer a Barcelona<\/b><\/a> <span style=\"font-weight: 400;\">aquest estiu i ets dels que els agrada el luxe i la bona taula. Aquesta atractiva comarca t\u00e9 les platges m\u00e9s top que et puguis imaginar! Aix\u00ed que, prepara&#8217;t per descobrir les millors rutes pel Garraf. <\/span><\/p><p><span style=\"font-weight: 400;\">La nostra<\/span> <b>excursi\u00f3<\/b> <b>pel Garraf<\/b> <span style=\"font-weight: 400;\">comen\u00e7a a uns quants quil\u00f2metres de Barcelona, per la qual cosa resulta molt f\u00e0cil d&#8217;arribar-hi i fins i tot es pot rec\u00f3rrer en un a tres dies f\u00e0cilment.<\/span><\/p>\t\t\t\t\t\t\t\t<\/div>\n\t\t\t\t<\/div>\n\t\t\t\t\t<\/div>\n\t\t<\/div>\n\t\t\t\t<div class=\"elementor-column elementor-col-50 elementor-top-column elementor-element elementor-element-f0384f5\" data-id=\"f0384f5\" data-element_type=\"column\">\n\t\t\t<div class=\"elementor-widget-wrap elementor-element-populated\">\n\t\t\t\t\t\t<div class=\"elementor-element elementor-element-4c193f5 elementor-widget elementor-widget-google_maps\" data-id=\"4c193f5\" data-element_type=\"widget\" data-widget_type=\"google_maps.default\">\n\t\t\t\t<div class=\"elementor-widget-container\">\n\t\t\t\t\t\t\t<div class=\"elementor-custom-embed\">\n\t\t\t<iframe loading=\"lazy\"\n\t\t\t\t\tsrc=\"https:\/\/maps.google.com\/maps?q=el%20garraf&#038;t=m&#038;z=10&#038;output=embed&#038;iwloc=near\"\n\t\t\t\t\ttitle=\"el garraf\"\n\t\t\t\t\taria-label=\"el garraf\"\n\t\t\t><\/iframe>\n\t\t<\/div>\n\t\t\t\t\t\t<\/div>\n\t\t\t\t<\/div>\n\t\t\t\t\t<\/div>\n\t\t<\/div>\n\t\t\t\t\t<\/div>\n\t\t<\/section>\n\t\t\t\t<section class=\"elementor-section elementor-top-section elementor-element elementor-element-d1e1d3e elementor-section-boxed elementor-section-height-default elementor-section-height-default\" data-id=\"d1e1d3e\" data-element_type=\"section\">\n\t\t\t\t\t\t<div class=\"elementor-container elementor-column-gap-default\">\n\t\t\t\t\t<div class=\"elementor-column elementor-col-100 elementor-top-column elementor-element elementor-element-8fb6451\" data-id=\"8fb6451\" data-element_type=\"column\">\n\t\t\t<div class=\"elementor-widget-wrap elementor-element-populated\">\n\t\t\t\t\t\t<div class=\"elementor-element elementor-element-24f448f elementor-widget elementor-widget-heading\" data-id=\"24f448f\" data-element_type=\"widget\" data-widget_type=\"heading.default\">\n\t\t\t\t<div class=\"elementor-widget-container\">\n\t\t\t\t\t<h2 class=\"elementor-heading-title elementor-size-default\">Qu\u00e8 veure al Garraf?\n<\/h2>\t\t\t\t<\/div>\n\t\t\t\t<\/div>\n\t\t\t\t\t<\/div>\n\t\t<\/div>\n\t\t\t\t\t<\/div>\n\t\t<\/section>\n\t\t\t\t<section class=\"elementor-section elementor-top-section elementor-element elementor-element-53c42cc elementor-section-boxed elementor-section-height-default elementor-section-height-default\" data-id=\"53c42cc\" data-element_type=\"section\">\n\t\t\t\t\t\t<div class=\"elementor-container elementor-column-gap-default\">\n\t\t\t\t\t<div class=\"elementor-column elementor-col-100 elementor-top-column elementor-element elementor-element-ffc4726\" data-id=\"ffc4726\" data-element_type=\"column\">\n\t\t\t<div class=\"elementor-widget-wrap elementor-element-populated\">\n\t\t\t\t\t\t<div class=\"elementor-element elementor-element-7f4a89a elementor-widget elementor-widget-image\" data-id=\"7f4a89a\" data-element_type=\"widget\" data-widget_type=\"image.default\">\n\t\t\t\t<div class=\"elementor-widget-container\">\n\t\t\t\t\t\t\t\t\t\t\t\t\t\t\t<img fetchpriority=\"high\" decoding=\"async\" width=\"768\" height=\"576\" src=\"https:\/\/www.willysplan.com\/wp-content\/uploads\/2020\/06\/castell-eramprunya-paint-768x576.jpg\" class=\"attachment-medium_large size-medium_large wp-image-13251\" alt=\"\" srcset=\"https:\/\/www.willysplan.com\/wp-content\/uploads\/2020\/06\/castell-eramprunya-paint-768x576.jpg 768w, https:\/\/www.willysplan.com\/wp-content\/uploads\/2020\/06\/castell-eramprunya-paint-300x225.jpg 300w, https:\/\/www.willysplan.com\/wp-content\/uploads\/2020\/06\/castell-eramprunya-paint-1024x768.jpg 1024w, https:\/\/www.willysplan.com\/wp-content\/uploads\/2020\/06\/castell-eramprunya-paint-760x570.jpg 760w, https:\/\/www.willysplan.com\/wp-content\/uploads\/2020\/06\/castell-eramprunya-paint-960x720.jpg 960w, https:\/\/www.willysplan.com\/wp-content\/uploads\/2020\/06\/castell-eramprunya-paint-533x400.jpg 533w, https:\/\/www.willysplan.com\/wp-content\/uploads\/2020\/06\/castell-eramprunya-paint-585x439.jpg 585w, https:\/\/www.willysplan.com\/wp-content\/uploads\/2020\/06\/castell-eramprunya-paint-600x450.jpg 600w, https:\/\/www.willysplan.com\/wp-content\/uploads\/2020\/06\/castell-eramprunya-paint.jpg 1200w\" sizes=\"(max-width: 768px) 100vw, 768px\" \/>\t\t\t\t\t\t\t\t\t\t\t\t\t\t\t<\/div>\n\t\t\t\t<\/div>\n\t\t\t\t\t<\/div>\n\t\t<\/div>\n\t\t\t\t\t<\/div>\n\t\t<\/section>\n\t\t\t\t<section class=\"elementor-section elementor-top-section elementor-element elementor-element-9274027 elementor-section-boxed elementor-section-height-default elementor-section-height-default\" data-id=\"9274027\" data-element_type=\"section\">\n\t\t\t\t\t\t<div class=\"elementor-container elementor-column-gap-default\">\n\t\t\t\t\t<div class=\"elementor-column elementor-col-100 elementor-top-column elementor-element elementor-element-8d0b027\" data-id=\"8d0b027\" data-element_type=\"column\">\n\t\t\t<div class=\"elementor-widget-wrap elementor-element-populated\">\n\t\t\t\t\t\t<div class=\"elementor-element elementor-element-13b5c01 elementor-widget elementor-widget-text-editor\" data-id=\"13b5c01\" data-element_type=\"widget\" data-widget_type=\"text-editor.default\">\n\t\t\t\t<div class=\"elementor-widget-container\">\n\t\t\t\t\t\t\t\t\t<p><span style=\"font-weight: 400;\">En aquesta ocasi\u00f3 triem les platges i la diversi\u00f3 de l&#8217;estiu, per\u00f2 si de<\/span> <b>rutes i excursions pel<\/b> <b>Garraf<\/b><span style=\"font-weight: 400;\"> es tracta, aquesta comarca pot oferir moltes alternatives que van des de marxar de c\u00e0mping a la muntanya a recorreguts hist\u00f2rics memorables. Tu tries el lloc <\/span><b>a veure al Garraf<\/b> <span style=\"font-weight: 400;\">, doncs a Willy&#8217;s pla et donem les alternatives.<\/span><\/p>\n\t\t\t\t\t\t\t\t<\/div>\n\t\t\t\t<\/div>\n\t\t\t\t\t<\/div>\n\t\t<\/div>\n\t\t\t\t\t<\/div>\n\t\t<\/section>\n\t\t\t\t<section class=\"elementor-section elementor-top-section elementor-element elementor-element-aaf8e46 elementor-section-boxed elementor-section-height-default elementor-section-height-default\" data-id=\"aaf8e46\" data-element_type=\"section\">\n\t\t\t\t\t\t<div class=\"elementor-container elementor-column-gap-default\">\n\t\t\t\t\t<div class=\"elementor-column elementor-col-100 elementor-top-column elementor-element elementor-element-4cee3de\" data-id=\"4cee3de\" data-element_type=\"column\">\n\t\t\t<div class=\"elementor-widget-wrap elementor-element-populated\">\n\t\t\t\t\t\t<div class=\"elementor-element elementor-element-241f678 elementor-widget elementor-widget-heading\" data-id=\"241f678\" data-element_type=\"widget\" data-widget_type=\"heading.default\">\n\t\t\t\t<div class=\"elementor-widget-container\">\n\t\t\t\t\t<h3 class=\"elementor-heading-title elementor-size-default\">Pobles del Garraf\n\n<\/h3>\t\t\t\t<\/div>\n\t\t\t\t<\/div>\n\t\t\t\t\t<\/div>\n\t\t<\/div>\n\t\t\t\t\t<\/div>\n\t\t<\/section>\n\t\t\t\t<section class=\"elementor-section elementor-top-section elementor-element elementor-element-c78f0d5 elementor-section-boxed elementor-section-height-default elementor-section-height-default\" data-id=\"c78f0d5\" data-element_type=\"section\">\n\t\t\t\t\t\t<div class=\"elementor-container elementor-column-gap-default\">\n\t\t\t\t\t<div class=\"elementor-column elementor-col-100 elementor-top-column elementor-element elementor-element-e8099c1\" data-id=\"e8099c1\" data-element_type=\"column\">\n\t\t\t<div class=\"elementor-widget-wrap elementor-element-populated\">\n\t\t\t\t\t\t<div class=\"elementor-element elementor-element-9d79bd6 elementor-widget elementor-widget-text-editor\" data-id=\"9d79bd6\" data-element_type=\"widget\" data-widget_type=\"text-editor.default\">\n\t\t\t\t<div class=\"elementor-widget-container\">\n\t\t\t\t\t\t\t\t\t<p><span style=\"font-weight: 400;\">El primer dels<\/span> <b>pobles del Garraf<\/b> <span style=\"font-weight: 400;\">que t&#8217;ensenyarem \u00e9s<\/span> <b>Sitges:<\/b> <span style=\"font-weight: 400;\">un poble excepcional i molt vers\u00e0til. Aix\u00f2 ho fa perfecte per anar-hi en fam\u00edlia i gaudir una llarga temporada. Si la teva idea dels teus <\/span><b>excursions pel Garraf <\/b><span style=\"font-weight: 400;\">\u00e9s anar amb amics t&#8217;assegurem que els bars i la festa \u00e9s Sitges mai no acaben! Fins i tot si busques impressionar la teva parella, l&#8217;oferta de restaurants i bars al voltant de la seva luxosa marina \u00e9s un punt\u00e0s que segur que fletxaria qualsevol.<\/span><\/p>\n<p><span style=\"font-weight: 400;\">Per altra banda aquesta<\/span> <b>Cubelles.<\/b> <span style=\"font-weight: 400;\">Envoltat de mar i muntanya, aquest petit poble us ofereix les millors opcions per a ambdues atraccions. A m\u00e9s a m\u00e9s de la seva exquisida oferta gastron\u00f2mica i tot l&#8217;atractiu del riu Foix; que fan d\u00b4aquest poble una visita obligada que tens <\/span><b>de visitar al Garraf.<\/b><\/p>\n\t\t\t\t\t\t\t\t<\/div>\n\t\t\t\t<\/div>\n\t\t\t\t\t<\/div>\n\t\t<\/div>\n\t\t\t\t\t<\/div>\n\t\t<\/section>\n\t\t\t\t<section class=\"elementor-section elementor-top-section elementor-element elementor-element-969debc elementor-section-boxed elementor-section-height-default elementor-section-height-default\" data-id=\"969debc\" data-element_type=\"section\">\n\t\t\t\t\t\t<div class=\"elementor-container elementor-column-gap-default\">\n\t\t\t\t\t<div class=\"elementor-column elementor-col-100 elementor-top-column elementor-element elementor-element-47bc789\" data-id=\"47bc789\" data-element_type=\"column\">\n\t\t\t<div class=\"elementor-widget-wrap elementor-element-populated\">\n\t\t\t\t\t\t<div class=\"elementor-element elementor-element-9b11989 elementor-widget elementor-widget-heading\" data-id=\"9b11989\" data-element_type=\"widget\" data-widget_type=\"heading.default\">\n\t\t\t\t<div class=\"elementor-widget-container\">\n\t\t\t\t\t<h2 class=\"elementor-heading-title elementor-size-default\">Qu\u00e8 fer al Garraf?\n\n<\/h2>\t\t\t\t<\/div>\n\t\t\t\t<\/div>\n\t\t\t\t\t<\/div>\n\t\t<\/div>\n\t\t\t\t\t<\/div>\n\t\t<\/section>\n\t\t\t\t<section class=\"elementor-section elementor-top-section elementor-element elementor-element-a27a2af elementor-section-boxed elementor-section-height-default elementor-section-height-default\" data-id=\"a27a2af\" data-element_type=\"section\">\n\t\t\t\t\t\t<div class=\"elementor-container elementor-column-gap-default\">\n\t\t\t\t\t<div class=\"elementor-column elementor-col-100 elementor-top-column elementor-element elementor-element-998f114\" data-id=\"998f114\" data-element_type=\"column\">\n\t\t\t<div class=\"elementor-widget-wrap elementor-element-populated\">\n\t\t\t\t\t\t<div class=\"elementor-element elementor-element-9763475 elementor-widget elementor-widget-text-editor\" data-id=\"9763475\" data-element_type=\"widget\" data-widget_type=\"text-editor.default\">\n\t\t\t\t<div class=\"elementor-widget-container\">\n\t\t\t\t\t\t\t\t\t<p><span style=\"font-weight: 400;\">Sens dubte una de les<\/span> <b>coses a fer al Garraf<\/b> <span style=\"font-weight: 400;\">\u00e9s anar a la capital d&#8217;aquesta comarca.<\/span> <b>Vilanova i la Geltr\u00fa<\/b> <span style=\"font-weight: 400;\">descriu la veritable ess\u00e8ncia d\u00b4aquesta zona de Catalunya i \u00e9s potser el millor referent per con\u00e8ixer una mica m\u00e9s de la seva hist\u00f2ria.<\/span> <\/p>\n<p><span style=\"font-weight: 400;\">Visitar els seus museus per exemple pot ser una de les millors<\/span> <b>coses a fer amb nens al Garraf<\/b> <span style=\"font-weight: 400;\">, aix\u00f2 \u00e9s perqu\u00e8 la seva oferta \u00e9s molt variada i els plans resulten ser molt divertits i interessants per als m\u00e9s petits.<\/span><\/p>\n\t\t\t\t\t\t\t\t<\/div>\n\t\t\t\t<\/div>\n\t\t\t\t\t<\/div>\n\t\t<\/div>\n\t\t\t\t\t<\/div>\n\t\t<\/section>\n\t\t\t\t<section class=\"elementor-section elementor-top-section elementor-element elementor-element-c68d73f elementor-section-boxed elementor-section-height-default elementor-section-height-default\" data-id=\"c68d73f\" data-element_type=\"section\">\n\t\t\t\t\t\t<div class=\"elementor-container elementor-column-gap-default\">\n\t\t\t\t\t<div class=\"elementor-column elementor-col-100 elementor-top-column elementor-element elementor-element-9dabef5\" data-id=\"9dabef5\" data-element_type=\"column\">\n\t\t\t<div class=\"elementor-widget-wrap elementor-element-populated\">\n\t\t\t\t\t\t\t<\/div>\n\t\t<\/div>\n\t\t\t\t\t<\/div>\n\t\t<\/section>\n\t\t\t\t<\/div>\n\t\t","protected":false},"excerpt":{"rendered":"<p>Viu el Garraf al m\u00e0xim! gaudeix d\u00b4una aventura excepcional a les costes m\u00e9s exclusives del mediterrani. Si cerques rutes alternatives una vegada hagis vist les millors coses a fer a Barcelona aquest estiu i ets dels que els agrada el luxe i la bona taula. Aquesta atractiva comarca t\u00e9 les platges m\u00e9s top que et&hellip;&nbsp;<a href=\"https:\/\/www.willysplan.com\/ca\/rutes\/rutes-de-senderisme-i-excursions-pel-garraf\" rel=\"bookmark\">Llegiu m\u00e9s &raquo;<span class=\"screen-reader-text\">Rutes de senderisme i excursions pel Garraf<\/span><\/a><\/p>\n","protected":false},"author":2,"featured_media":13103,"comment_status":"closed","ping_status":"closed","sticky":false,"template":"","format":"standard","meta":{"neve_meta_sidebar":"","neve_meta_container":"","neve_meta_enable_content_width":"","neve_meta_content_width":0,"neve_meta_title_alignment":"","neve_meta_author_avatar":"","neve_post_elements_order":"","neve_meta_disable_header":"","neve_meta_disable_footer":"","neve_meta_disable_title":"","_joinchat":[],"footnotes":""},"categories":[323],"tags":[325,324],"class_list":["post-15711","post","type-post","status-publish","format-standard","has-post-thumbnail","hentry","category-rutes","tag-comarca-barcelona-ca","tag-comarca-catalunya"],"yoast_head":"<!-- This site is optimized with the Yoast SEO Premium plugin v20.1 (Yoast SEO v26.9) - https:\/\/yoast.com\/product\/yoast-seo-premium-wordpress\/ -->\n<title>Rutes i excursions pel Garraf \u2013 Willy&#039;s pla<\/title>\n<meta name=\"description\" content=\"Descobreix les millors excursions i rutes de senderisme al Garraf, Barcelona. \u2705 Coneix les m\u00faltiples coses a fer i veure al Garraf. Entra ara!\" \/>\n<meta name=\"robots\" content=\"index, follow, max-snippet:-1, max-image-preview:large, max-video-preview:-1\" \/>\n<link rel=\"canonical\" href=\"https:\/\/willysplan.com\/ca\/rutes\/rutes-de-senderisme-i-excursions-pel-garraf\" \/>\n<meta property=\"og:locale\" content=\"ca_ES\" \/>\n<meta property=\"og:type\" content=\"article\" \/>\n<meta property=\"og:title\" content=\"Rutes de senderisme i excursions pel Garraf\" \/>\n<meta property=\"og:description\" content=\"Descobreix les millors excursions i rutes de senderisme al Garraf, Barcelona. \u2705 Coneix les m\u00faltiples coses a fer i veure al Garraf. Entra ara!\" \/>\n<meta property=\"og:url\" content=\"https:\/\/willysplan.com\/ca\/rutes\/rutes-de-senderisme-i-excursions-pel-garraf\" \/>\n<meta property=\"og:site_name\" content=\"Willy&#039;s Plan \ud83c\udf43\" \/>\n<meta property=\"article:published_time\" content=\"2020-06-01T08:56:37+00:00\" \/>\n<meta property=\"article:modified_time\" content=\"2023-07-24T17:03:44+00:00\" \/>\n<meta property=\"og:image\" content=\"https:\/\/www.willysplan.com\/wp-content\/uploads\/2020\/06\/cala-morisca-garraf1.jpg\" \/>\n\t<meta property=\"og:image:width\" content=\"1080\" \/>\n\t<meta property=\"og:image:height\" content=\"1080\" \/>\n\t<meta property=\"og:image:type\" content=\"image\/jpeg\" \/>\n<meta name=\"author\" content=\"Guillem Asensio\" \/>\n<meta name=\"twitter:card\" content=\"summary_large_image\" \/>\n<meta name=\"twitter:label1\" content=\"Escrit per\" \/>\n\t<meta name=\"twitter:data1\" content=\"Guillem Asensio\" \/>\n\t<meta name=\"twitter:label2\" content=\"Temps estimat de lectura\" \/>\n\t<meta name=\"twitter:data2\" content=\"2 minuts\" \/>\n<script type=\"application\/ld+json\" class=\"yoast-schema-graph\">{\"@context\":\"https:\/\/schema.org\",\"@graph\":[{\"@type\":\"Article\",\"@id\":\"https:\/\/willysplan.com\/ca\/rutes\/rutes-de-senderisme-i-excursions-pel-garraf#article\",\"isPartOf\":{\"@id\":\"https:\/\/www.willysplan.com\/ca\/rutes\/rutes-de-senderisme-i-excursions-pel-garraf\"},\"author\":{\"name\":\"Guillem Asensio\",\"@id\":\"https:\/\/www.willysplan.com\/#\/schema\/person\/6f2dbf2215cd25715df085907bd007c1\"},\"headline\":\"Rutes de senderisme i excursions pel Garraf\",\"datePublished\":\"2020-06-01T08:56:37+00:00\",\"dateModified\":\"2023-07-24T17:03:44+00:00\",\"mainEntityOfPage\":{\"@id\":\"https:\/\/www.willysplan.com\/ca\/rutes\/rutes-de-senderisme-i-excursions-pel-garraf\"},\"wordCount\":427,\"publisher\":{\"@id\":\"https:\/\/www.willysplan.com\/#organization\"},\"image\":{\"@id\":\"https:\/\/willysplan.com\/ca\/rutes\/rutes-de-senderisme-i-excursions-pel-garraf#primaryimage\"},\"thumbnailUrl\":\"https:\/\/www.willysplan.com\/wp-content\/uploads\/2020\/06\/cala-morisca-garraf1.jpg\",\"keywords\":[\"comarca barcelona\",\"comarca catalunya\"],\"articleSection\":[\"rutes\"],\"inLanguage\":\"ca\"},{\"@type\":\"WebPage\",\"@id\":\"https:\/\/www.willysplan.com\/ca\/rutes\/rutes-de-senderisme-i-excursions-pel-garraf\",\"url\":\"https:\/\/willysplan.com\/ca\/rutes\/rutes-de-senderisme-i-excursions-pel-garraf\",\"name\":\"Rutes i excursions pel Garraf \u2013 Willy's pla\",\"isPartOf\":{\"@id\":\"https:\/\/www.willysplan.com\/#website\"},\"primaryImageOfPage\":{\"@id\":\"https:\/\/willysplan.com\/ca\/rutes\/rutes-de-senderisme-i-excursions-pel-garraf#primaryimage\"},\"image\":{\"@id\":\"https:\/\/willysplan.com\/ca\/rutes\/rutes-de-senderisme-i-excursions-pel-garraf#primaryimage\"},\"thumbnailUrl\":\"https:\/\/www.willysplan.com\/wp-content\/uploads\/2020\/06\/cala-morisca-garraf1.jpg\",\"datePublished\":\"2020-06-01T08:56:37+00:00\",\"dateModified\":\"2023-07-24T17:03:44+00:00\",\"description\":\"Descobreix les millors excursions i rutes de senderisme al Garraf, Barcelona. \u2705 Coneix les m\u00faltiples coses a fer i veure al Garraf. Entra ara!\",\"inLanguage\":\"ca\",\"potentialAction\":[{\"@type\":\"ReadAction\",\"target\":[\"https:\/\/willysplan.com\/ca\/rutes\/rutes-de-senderisme-i-excursions-pel-garraf\"]}]},{\"@type\":\"ImageObject\",\"inLanguage\":\"ca\",\"@id\":\"https:\/\/willysplan.com\/ca\/rutes\/rutes-de-senderisme-i-excursions-pel-garraf#primaryimage\",\"url\":\"https:\/\/www.willysplan.com\/wp-content\/uploads\/2020\/06\/cala-morisca-garraf1.jpg\",\"contentUrl\":\"https:\/\/www.willysplan.com\/wp-content\/uploads\/2020\/06\/cala-morisca-garraf1.jpg\",\"width\":1080,\"height\":1080},{\"@type\":\"WebSite\",\"@id\":\"https:\/\/www.willysplan.com\/#website\",\"url\":\"https:\/\/www.willysplan.com\/\",\"name\":\"Willy&#039;s Plan \ud83c\udf43\",\"description\":\"Escapadas y Planes de fin de semana\",\"publisher\":{\"@id\":\"https:\/\/www.willysplan.com\/#organization\"},\"potentialAction\":[{\"@type\":\"SearchAction\",\"target\":{\"@type\":\"EntryPoint\",\"urlTemplate\":\"https:\/\/www.willysplan.com\/?s={search_term_string}\"},\"query-input\":{\"@type\":\"PropertyValueSpecification\",\"valueRequired\":true,\"valueName\":\"search_term_string\"}}],\"inLanguage\":\"ca\"},{\"@type\":\"Organization\",\"@id\":\"https:\/\/www.willysplan.com\/#organization\",\"name\":\"Willy&#039;s Plan \ud83c\udf43\",\"url\":\"https:\/\/www.willysplan.com\/\",\"logo\":{\"@type\":\"ImageObject\",\"inLanguage\":\"ca\",\"@id\":\"https:\/\/www.willysplan.com\/#\/schema\/logo\/image\/\",\"url\":\"https:\/\/www.willysplan.com\/wp-content\/uploads\/2020\/04\/cropped-logo-1.png\",\"contentUrl\":\"https:\/\/www.willysplan.com\/wp-content\/uploads\/2020\/04\/cropped-logo-1.png\",\"width\":332,\"height\":332,\"caption\":\"Willy&#039;s Plan \ud83c\udf43\"},\"image\":{\"@id\":\"https:\/\/www.willysplan.com\/#\/schema\/logo\/image\/\"}},{\"@type\":\"Person\",\"@id\":\"https:\/\/www.willysplan.com\/#\/schema\/person\/6f2dbf2215cd25715df085907bd007c1\",\"name\":\"Guillem Asensio\",\"image\":{\"@type\":\"ImageObject\",\"inLanguage\":\"ca\",\"@id\":\"https:\/\/www.willysplan.com\/#\/schema\/person\/image\/\",\"url\":\"https:\/\/secure.gravatar.com\/avatar\/fd3f69da3e6cd8d451f6be79c127da046757b9a4c273deefb40b1291809cc787?s=96&d=mm&r=g\",\"contentUrl\":\"https:\/\/secure.gravatar.com\/avatar\/fd3f69da3e6cd8d451f6be79c127da046757b9a4c273deefb40b1291809cc787?s=96&d=mm&r=g\",\"caption\":\"Guillem Asensio\"},\"sameAs\":[\"https:\/\/willysplan.com\"],\"url\":\"https:\/\/www.willysplan.com\/ca\/author\/willy\"}]}<\/script>\n<!-- \/ Yoast SEO Premium plugin. -->","yoast_head_json":{"title":"Rutes i excursions pel Garraf \u2013 Willy's pla","description":"Descobreix les millors excursions i rutes de senderisme al Garraf, Barcelona. \u2705 Coneix les m\u00faltiples coses a fer i veure al Garraf. Entra ara!","robots":{"index":"index","follow":"follow","max-snippet":"max-snippet:-1","max-image-preview":"max-image-preview:large","max-video-preview":"max-video-preview:-1"},"canonical":"https:\/\/willysplan.com\/ca\/rutes\/rutes-de-senderisme-i-excursions-pel-garraf","og_locale":"ca_ES","og_type":"article","og_title":"Rutes de senderisme i excursions pel Garraf","og_description":"Descobreix les millors excursions i rutes de senderisme al Garraf, Barcelona. \u2705 Coneix les m\u00faltiples coses a fer i veure al Garraf. Entra ara!","og_url":"https:\/\/willysplan.com\/ca\/rutes\/rutes-de-senderisme-i-excursions-pel-garraf","og_site_name":"Willy&#039;s Plan \ud83c\udf43","article_published_time":"2020-06-01T08:56:37+00:00","article_modified_time":"2023-07-24T17:03:44+00:00","og_image":[{"width":1080,"height":1080,"url":"https:\/\/www.willysplan.com\/wp-content\/uploads\/2020\/06\/cala-morisca-garraf1.jpg","type":"image\/jpeg"}],"author":"Guillem Asensio","twitter_card":"summary_large_image","twitter_misc":{"Escrit per":"Guillem Asensio","Temps estimat de lectura":"2 minuts"},"schema":{"@context":"https:\/\/schema.org","@graph":[{"@type":"Article","@id":"https:\/\/willysplan.com\/ca\/rutes\/rutes-de-senderisme-i-excursions-pel-garraf#article","isPartOf":{"@id":"https:\/\/www.willysplan.com\/ca\/rutes\/rutes-de-senderisme-i-excursions-pel-garraf"},"author":{"name":"Guillem Asensio","@id":"https:\/\/www.willysplan.com\/#\/schema\/person\/6f2dbf2215cd25715df085907bd007c1"},"headline":"Rutes de senderisme i excursions pel Garraf","datePublished":"2020-06-01T08:56:37+00:00","dateModified":"2023-07-24T17:03:44+00:00","mainEntityOfPage":{"@id":"https:\/\/www.willysplan.com\/ca\/rutes\/rutes-de-senderisme-i-excursions-pel-garraf"},"wordCount":427,"publisher":{"@id":"https:\/\/www.willysplan.com\/#organization"},"image":{"@id":"https:\/\/willysplan.com\/ca\/rutes\/rutes-de-senderisme-i-excursions-pel-garraf#primaryimage"},"thumbnailUrl":"https:\/\/www.willysplan.com\/wp-content\/uploads\/2020\/06\/cala-morisca-garraf1.jpg","keywords":["comarca barcelona","comarca catalunya"],"articleSection":["rutes"],"inLanguage":"ca"},{"@type":"WebPage","@id":"https:\/\/www.willysplan.com\/ca\/rutes\/rutes-de-senderisme-i-excursions-pel-garraf","url":"https:\/\/willysplan.com\/ca\/rutes\/rutes-de-senderisme-i-excursions-pel-garraf","name":"Rutes i excursions pel Garraf \u2013 Willy's pla","isPartOf":{"@id":"https:\/\/www.willysplan.com\/#website"},"primaryImageOfPage":{"@id":"https:\/\/willysplan.com\/ca\/rutes\/rutes-de-senderisme-i-excursions-pel-garraf#primaryimage"},"image":{"@id":"https:\/\/willysplan.com\/ca\/rutes\/rutes-de-senderisme-i-excursions-pel-garraf#primaryimage"},"thumbnailUrl":"https:\/\/www.willysplan.com\/wp-content\/uploads\/2020\/06\/cala-morisca-garraf1.jpg","datePublished":"2020-06-01T08:56:37+00:00","dateModified":"2023-07-24T17:03:44+00:00","description":"Descobreix les millors excursions i rutes de senderisme al Garraf, Barcelona. \u2705 Coneix les m\u00faltiples coses a fer i veure al Garraf. Entra ara!","inLanguage":"ca","potentialAction":[{"@type":"ReadAction","target":["https:\/\/willysplan.com\/ca\/rutes\/rutes-de-senderisme-i-excursions-pel-garraf"]}]},{"@type":"ImageObject","inLanguage":"ca","@id":"https:\/\/willysplan.com\/ca\/rutes\/rutes-de-senderisme-i-excursions-pel-garraf#primaryimage","url":"https:\/\/www.willysplan.com\/wp-content\/uploads\/2020\/06\/cala-morisca-garraf1.jpg","contentUrl":"https:\/\/www.willysplan.com\/wp-content\/uploads\/2020\/06\/cala-morisca-garraf1.jpg","width":1080,"height":1080},{"@type":"WebSite","@id":"https:\/\/www.willysplan.com\/#website","url":"https:\/\/www.willysplan.com\/","name":"Willy&#039;s Plan \ud83c\udf43","description":"Escapadas y Planes de fin de semana","publisher":{"@id":"https:\/\/www.willysplan.com\/#organization"},"potentialAction":[{"@type":"SearchAction","target":{"@type":"EntryPoint","urlTemplate":"https:\/\/www.willysplan.com\/?s={search_term_string}"},"query-input":{"@type":"PropertyValueSpecification","valueRequired":true,"valueName":"search_term_string"}}],"inLanguage":"ca"},{"@type":"Organization","@id":"https:\/\/www.willysplan.com\/#organization","name":"Willy&#039;s Plan \ud83c\udf43","url":"https:\/\/www.willysplan.com\/","logo":{"@type":"ImageObject","inLanguage":"ca","@id":"https:\/\/www.willysplan.com\/#\/schema\/logo\/image\/","url":"https:\/\/www.willysplan.com\/wp-content\/uploads\/2020\/04\/cropped-logo-1.png","contentUrl":"https:\/\/www.willysplan.com\/wp-content\/uploads\/2020\/04\/cropped-logo-1.png","width":332,"height":332,"caption":"Willy&#039;s Plan \ud83c\udf43"},"image":{"@id":"https:\/\/www.willysplan.com\/#\/schema\/logo\/image\/"}},{"@type":"Person","@id":"https:\/\/www.willysplan.com\/#\/schema\/person\/6f2dbf2215cd25715df085907bd007c1","name":"Guillem Asensio","image":{"@type":"ImageObject","inLanguage":"ca","@id":"https:\/\/www.willysplan.com\/#\/schema\/person\/image\/","url":"https:\/\/secure.gravatar.com\/avatar\/fd3f69da3e6cd8d451f6be79c127da046757b9a4c273deefb40b1291809cc787?s=96&d=mm&r=g","contentUrl":"https:\/\/secure.gravatar.com\/avatar\/fd3f69da3e6cd8d451f6be79c127da046757b9a4c273deefb40b1291809cc787?s=96&d=mm&r=g","caption":"Guillem Asensio"},"sameAs":["https:\/\/willysplan.com"],"url":"https:\/\/www.willysplan.com\/ca\/author\/willy"}]}},"_links":{"self":[{"href":"https:\/\/www.willysplan.com\/ca\/wp-json\/wp\/v2\/posts\/15711","targetHints":{"allow":["GET"]}}],"collection":[{"href":"https:\/\/www.willysplan.com\/ca\/wp-json\/wp\/v2\/posts"}],"about":[{"href":"https:\/\/www.willysplan.com\/ca\/wp-json\/wp\/v2\/types\/post"}],"author":[{"embeddable":true,"href":"https:\/\/www.willysplan.com\/ca\/wp-json\/wp\/v2\/users\/2"}],"replies":[{"embeddable":true,"href":"https:\/\/www.willysplan.com\/ca\/wp-json\/wp\/v2\/comments?post=15711"}],"version-history":[{"count":7,"href":"https:\/\/www.willysplan.com\/ca\/wp-json\/wp\/v2\/posts\/15711\/revisions"}],"predecessor-version":[{"id":21509,"href":"https:\/\/www.willysplan.com\/ca\/wp-json\/wp\/v2\/posts\/15711\/revisions\/21509"}],"wp:featuredmedia":[{"embeddable":true,"href":"https:\/\/www.willysplan.com\/ca\/wp-json\/wp\/v2\/media\/13103"}],"wp:attachment":[{"href":"https:\/\/www.willysplan.com\/ca\/wp-json\/wp\/v2\/media?parent=15711"}],"wp:term":[{"taxonomy":"category","embeddable":true,"href":"https:\/\/www.willysplan.com\/ca\/wp-json\/wp\/v2\/categories?post=15711"},{"taxonomy":"post_tag","embeddable":true,"href":"https:\/\/www.willysplan.com\/ca\/wp-json\/wp\/v2\/tags?post=15711"}],"curies":[{"name":"wp","href":"https:\/\/api.w.org\/{rel}","templated":true}]}}