{"id":15680,"date":"2020-05-24T12:40:46","date_gmt":"2020-05-24T11:40:46","guid":{"rendered":"https:\/\/willysplan.com\/uncategorized-ca\/rutes-de-senderisme-i-excursions-per-lalt-emporda"},"modified":"2023-03-20T22:05:54","modified_gmt":"2023-03-20T21:05:54","slug":"rutes-de-senderisme-i-excursions-per-lalt-emporda","status":"publish","type":"post","link":"https:\/\/www.willysplan.com\/ca\/rutes\/rutes-de-senderisme-i-excursions-per-lalt-emporda","title":{"rendered":"Rutes de senderisme i excursions per l\u00b4Alt Empord\u00e0"},"content":{"rendered":"\t\t<div data-elementor-type=\"wp-post\" data-elementor-id=\"15680\" class=\"elementor elementor-15680 elementor-1202\" data-elementor-post-type=\"post\">\n\t\t\t\t\t\t<section class=\"elementor-section elementor-top-section elementor-element elementor-element-7411dcc elementor-section-boxed elementor-section-height-default elementor-section-height-default\" data-id=\"7411dcc\" data-element_type=\"section\">\n\t\t\t\t\t\t<div class=\"elementor-container elementor-column-gap-default\">\n\t\t\t\t\t<div class=\"elementor-column elementor-col-50 elementor-top-column elementor-element elementor-element-0e52784\" data-id=\"0e52784\" data-element_type=\"column\">\n\t\t\t<div class=\"elementor-widget-wrap elementor-element-populated\">\n\t\t\t\t\t\t<div class=\"elementor-element elementor-element-acaaaff elementor-widget elementor-widget-text-editor\" data-id=\"acaaaff\" data-element_type=\"widget\" data-widget_type=\"text-editor.default\">\n\t\t\t\t<div class=\"elementor-widget-container\">\n\t\t\t\t\t\t\t\t\t<p><b>Catalunya<\/b><span style=\"font-weight: 400;\"> \u00e9s sens dubte una de les prov\u00edncies m\u00e9s vers\u00e0tils i amb m\u00e9s diversitat de tot Espanya. Entre els molts <\/span><a href=\"https:\/\/www.willysplan.com\/que-hacer\/girona\"><span style=\"font-weight: 400;\">llocs que visitar a Girona<\/span><\/a> <span style=\"font-weight: 400;\">, volem destacar una de les<\/span> <b>rutes per l&#8217;Alt Empord\u00e0<\/b> <span style=\"font-weight: 400;\">que tenim per a tu.<\/span><\/p>\n<p><span style=\"font-weight: 400;\">Aquesta regi\u00f3 forma part dels pirineus orientals, compta amb un clima i paisatges mediterranis, apropiats per gaudir <strong>d&#8217;<\/strong><\/span> <b>excursions per l&#8217;<\/b> <b>Alt Empord\u00e0<\/b> <span style=\"font-weight: 400;\">durant la major \u00e8poca de l&#8217;any.<\/span><\/p>\n\t\t\t\t\t\t\t\t<\/div>\n\t\t\t\t<\/div>\n\t\t\t\t\t<\/div>\n\t\t<\/div>\n\t\t\t\t<div class=\"elementor-column elementor-col-50 elementor-top-column elementor-element elementor-element-5f4f334\" data-id=\"5f4f334\" data-element_type=\"column\">\n\t\t\t<div class=\"elementor-widget-wrap elementor-element-populated\">\n\t\t\t\t\t\t<div class=\"elementor-element elementor-element-ea22649 elementor-widget elementor-widget-image\" data-id=\"ea22649\" data-element_type=\"widget\" data-widget_type=\"image.default\">\n\t\t\t\t<div class=\"elementor-widget-container\">\n\t\t\t\t\t\t\t\t\t\t\t\t\t\t\t<img fetchpriority=\"high\" decoding=\"async\" width=\"300\" height=\"290\" src=\"https:\/\/www.willysplan.com\/wp-content\/uploads\/2020\/05\/mapa-alt-emporda.png\" class=\"attachment-medium size-medium wp-image-11895\" alt=\"\" \/>\t\t\t\t\t\t\t\t\t\t\t\t\t\t\t<\/div>\n\t\t\t\t<\/div>\n\t\t\t\t\t<\/div>\n\t\t<\/div>\n\t\t\t\t\t<\/div>\n\t\t<\/section>\n\t\t\t\t<section class=\"elementor-section elementor-top-section elementor-element elementor-element-d1e1d3e elementor-section-boxed elementor-section-height-default elementor-section-height-default\" data-id=\"d1e1d3e\" data-element_type=\"section\">\n\t\t\t\t\t\t<div class=\"elementor-container elementor-column-gap-default\">\n\t\t\t\t\t<div class=\"elementor-column elementor-col-100 elementor-top-column elementor-element elementor-element-8fb6451\" data-id=\"8fb6451\" data-element_type=\"column\">\n\t\t\t<div class=\"elementor-widget-wrap elementor-element-populated\">\n\t\t\t\t\t\t<div class=\"elementor-element elementor-element-24f448f elementor-widget elementor-widget-heading\" data-id=\"24f448f\" data-element_type=\"widget\" data-widget_type=\"heading.default\">\n\t\t\t\t<div class=\"elementor-widget-container\">\n\t\t\t\t\t<h2 class=\"elementor-heading-title elementor-size-default\">Qu\u00e8 veure a l'Alt Empord\u00e0?<\/h2>\t\t\t\t<\/div>\n\t\t\t\t<\/div>\n\t\t\t\t\t<\/div>\n\t\t<\/div>\n\t\t\t\t\t<\/div>\n\t\t<\/section>\n\t\t\t\t<section class=\"elementor-section elementor-top-section elementor-element elementor-element-53c42cc elementor-section-boxed elementor-section-height-default elementor-section-height-default\" data-id=\"53c42cc\" data-element_type=\"section\">\n\t\t\t\t\t\t<div class=\"elementor-container elementor-column-gap-default\">\n\t\t\t\t\t<div class=\"elementor-column elementor-col-100 elementor-top-column elementor-element elementor-element-ffc4726\" data-id=\"ffc4726\" data-element_type=\"column\">\n\t\t\t<div class=\"elementor-widget-wrap elementor-element-populated\">\n\t\t\t\t\t\t<div class=\"elementor-element elementor-element-7f4a89a elementor-widget elementor-widget-image\" data-id=\"7f4a89a\" data-element_type=\"widget\" data-widget_type=\"image.default\">\n\t\t\t\t<div class=\"elementor-widget-container\">\n\t\t\t\t\t\t\t\t\t\t\t\t\t\t\t<img decoding=\"async\" width=\"1023\" height=\"576\" src=\"https:\/\/www.willysplan.com\/wp-content\/uploads\/2020\/05\/excursiones-y-rutas-por-el-alt-emporda1.jpg\" class=\"attachment-large size-large wp-image-13097\" alt=\"\" srcset=\"https:\/\/www.willysplan.com\/wp-content\/uploads\/2020\/05\/excursiones-y-rutas-por-el-alt-emporda1.jpg 1023w, https:\/\/www.willysplan.com\/wp-content\/uploads\/2020\/05\/excursiones-y-rutas-por-el-alt-emporda1-300x169.jpg 300w, https:\/\/www.willysplan.com\/wp-content\/uploads\/2020\/05\/excursiones-y-rutas-por-el-alt-emporda1-768x432.jpg 768w, https:\/\/www.willysplan.com\/wp-content\/uploads\/2020\/05\/excursiones-y-rutas-por-el-alt-emporda1-960x541.jpg 960w, https:\/\/www.willysplan.com\/wp-content\/uploads\/2020\/05\/excursiones-y-rutas-por-el-alt-emporda1-710x400.jpg 710w, https:\/\/www.willysplan.com\/wp-content\/uploads\/2020\/05\/excursiones-y-rutas-por-el-alt-emporda1-585x329.jpg 585w, https:\/\/www.willysplan.com\/wp-content\/uploads\/2020\/05\/excursiones-y-rutas-por-el-alt-emporda1-600x338.jpg 600w\" sizes=\"(max-width: 1023px) 100vw, 1023px\" \/>\t\t\t\t\t\t\t\t\t\t\t\t\t\t\t<\/div>\n\t\t\t\t<\/div>\n\t\t\t\t\t<\/div>\n\t\t<\/div>\n\t\t\t\t\t<\/div>\n\t\t<\/section>\n\t\t\t\t<section class=\"elementor-section elementor-top-section elementor-element elementor-element-9274027 elementor-section-boxed elementor-section-height-default elementor-section-height-default\" data-id=\"9274027\" data-element_type=\"section\">\n\t\t\t\t\t\t<div class=\"elementor-container elementor-column-gap-default\">\n\t\t\t\t\t<div class=\"elementor-column elementor-col-100 elementor-top-column elementor-element elementor-element-8d0b027\" data-id=\"8d0b027\" data-element_type=\"column\">\n\t\t\t<div class=\"elementor-widget-wrap elementor-element-populated\">\n\t\t\t\t\t\t<div class=\"elementor-element elementor-element-13b5c01 elementor-widget elementor-widget-text-editor\" data-id=\"13b5c01\" data-element_type=\"widget\" data-widget_type=\"text-editor.default\">\n\t\t\t\t<div class=\"elementor-widget-container\">\n\t\t\t\t\t\t\t\t\t<p><span style=\"font-weight: 400;\">L&#8217;<\/span> <b>Alt Empord\u00e0<\/b> <span style=\"font-weight: 400;\">es diferencia de moltes de les zones tur\u00edstiques de Catalunya, perqu\u00e8 no acostuma a ser la m\u00e9s concorreguda. Aquesta caracter\u00edstica no li roba el protagonisme, ans al contrari, la fa encara m\u00e9s aut\u00e8ntica. Amb vents freds que arriben des dels pirineus, paisatges que van des de muntanya a costes c\u00e0lides, rutes captivades per les vinyes, entre d&#8217;altres; s\u00f3n algunes de les coses que <\/span><span style=\"font-weight: 400;\">coses<\/span> <b>a veure a<\/b> <b>Alt Empord\u00e0.<\/b><\/p>\n\t\t\t\t\t\t\t\t<\/div>\n\t\t\t\t<\/div>\n\t\t\t\t\t<\/div>\n\t\t<\/div>\n\t\t\t\t\t<\/div>\n\t\t<\/section>\n\t\t\t\t<section class=\"elementor-section elementor-top-section elementor-element elementor-element-aaf8e46 elementor-section-boxed elementor-section-height-default elementor-section-height-default\" data-id=\"aaf8e46\" data-element_type=\"section\">\n\t\t\t\t\t\t<div class=\"elementor-container elementor-column-gap-default\">\n\t\t\t\t\t<div class=\"elementor-column elementor-col-100 elementor-top-column elementor-element elementor-element-4cee3de\" data-id=\"4cee3de\" data-element_type=\"column\">\n\t\t\t<div class=\"elementor-widget-wrap elementor-element-populated\">\n\t\t\t\t\t\t<div class=\"elementor-element elementor-element-241f678 elementor-widget elementor-widget-heading\" data-id=\"241f678\" data-element_type=\"widget\" data-widget_type=\"heading.default\">\n\t\t\t\t<div class=\"elementor-widget-container\">\n\t\t\t\t\t<h3 class=\"elementor-heading-title elementor-size-default\">Pobles de l'Alt Empord\u00e0<\/h3>\t\t\t\t<\/div>\n\t\t\t\t<\/div>\n\t\t\t\t\t<\/div>\n\t\t<\/div>\n\t\t\t\t\t<\/div>\n\t\t<\/section>\n\t\t\t\t<section class=\"elementor-section elementor-top-section elementor-element elementor-element-c78f0d5 elementor-section-boxed elementor-section-height-default elementor-section-height-default\" data-id=\"c78f0d5\" data-element_type=\"section\">\n\t\t\t\t\t\t<div class=\"elementor-container elementor-column-gap-default\">\n\t\t\t\t\t<div class=\"elementor-column elementor-col-100 elementor-top-column elementor-element elementor-element-e8099c1\" data-id=\"e8099c1\" data-element_type=\"column\">\n\t\t\t<div class=\"elementor-widget-wrap elementor-element-populated\">\n\t\t\t\t\t\t<div class=\"elementor-element elementor-element-9d79bd6 elementor-widget elementor-widget-text-editor\" data-id=\"9d79bd6\" data-element_type=\"widget\" data-widget_type=\"text-editor.default\">\n\t\t\t\t<div class=\"elementor-widget-container\">\n\t\t\t\t\t\t\t\t\t<p><span style=\"font-weight: 400;\">Podr\u00edem anomenar <strong>molts<\/strong><\/span> <b>pobles de l&#8217;Alt Empord\u00e0<\/b> <span style=\"font-weight: 400;\">i probablement no ens assoliria aquest article per descriure la personalitat i el carisma que els identifica.<\/span><\/p>\n<p><span style=\"font-weight: 400;\">Si ets a aquesta regi\u00f3 no pots deixar de visitar la seva capital<\/span> <b>Figueres.<\/b> <span style=\"font-weight: 400;\">Coneguda per allotjar el museu teatre del reconegut artista<\/span> <b>Salvador Dal\u00ed<\/b> <span style=\"font-weight: 400;\">i un dels m\u00e9s concorreguts a Espanya.<\/span><\/p>\n<p><span style=\"font-weight: 400;\">Anant una mica m\u00e9s cap a la pen\u00ednsula, es troba <\/span><b>Sant Pere de Rodes. <\/b><span style=\"font-weight: 400;\">Un poble que podr\u00edem dir \u00e9s el m\u00e0xim exponent de la cultura rom\u00e0nica reunint un bell complex arquitect\u00f2nic al voltant del <\/span><b>monestir de Sant Pere de Rodes, <\/b><span style=\"font-weight: 400;\">una de les <\/span><b>excursions per Alt Empord\u00e0<\/b><span style=\"font-weight: 400;\"> que no pots deixar de fer!<\/span><\/p>\n\t\t\t\t\t\t\t\t<\/div>\n\t\t\t\t<\/div>\n\t\t\t\t\t<\/div>\n\t\t<\/div>\n\t\t\t\t\t<\/div>\n\t\t<\/section>\n\t\t\t\t<section class=\"elementor-section elementor-top-section elementor-element elementor-element-513d8b2 elementor-section-boxed elementor-section-height-default elementor-section-height-default\" data-id=\"513d8b2\" data-element_type=\"section\">\n\t\t\t\t\t\t<div class=\"elementor-container elementor-column-gap-default\">\n\t\t\t\t\t<div class=\"elementor-column elementor-col-100 elementor-top-column elementor-element elementor-element-672edf6\" data-id=\"672edf6\" data-element_type=\"column\">\n\t\t\t<div class=\"elementor-widget-wrap elementor-element-populated\">\n\t\t\t\t\t\t\t<\/div>\n\t\t<\/div>\n\t\t\t\t\t<\/div>\n\t\t<\/section>\n\t\t\t\t<section class=\"elementor-section elementor-top-section elementor-element elementor-element-969debc elementor-section-boxed elementor-section-height-default elementor-section-height-default\" data-id=\"969debc\" data-element_type=\"section\">\n\t\t\t\t\t\t<div class=\"elementor-container elementor-column-gap-default\">\n\t\t\t\t\t<div class=\"elementor-column elementor-col-100 elementor-top-column elementor-element elementor-element-47bc789\" data-id=\"47bc789\" data-element_type=\"column\">\n\t\t\t<div class=\"elementor-widget-wrap elementor-element-populated\">\n\t\t\t\t\t\t<div class=\"elementor-element elementor-element-9b11989 elementor-widget elementor-widget-heading\" data-id=\"9b11989\" data-element_type=\"widget\" data-widget_type=\"heading.default\">\n\t\t\t\t<div class=\"elementor-widget-container\">\n\t\t\t\t\t<h2 class=\"elementor-heading-title elementor-size-default\">Qu\u00e8 fer a l'Alt Empord\u00e0?<\/h2>\t\t\t\t<\/div>\n\t\t\t\t<\/div>\n\t\t\t\t\t<\/div>\n\t\t<\/div>\n\t\t\t\t\t<\/div>\n\t\t<\/section>\n\t\t\t\t<section class=\"elementor-section elementor-top-section elementor-element elementor-element-a27a2af elementor-section-boxed elementor-section-height-default elementor-section-height-default\" data-id=\"a27a2af\" data-element_type=\"section\">\n\t\t\t\t\t\t<div class=\"elementor-container elementor-column-gap-default\">\n\t\t\t\t\t<div class=\"elementor-column elementor-col-100 elementor-top-column elementor-element elementor-element-998f114\" data-id=\"998f114\" data-element_type=\"column\">\n\t\t\t<div class=\"elementor-widget-wrap elementor-element-populated\">\n\t\t\t\t\t\t<div class=\"elementor-element elementor-element-9763475 elementor-widget elementor-widget-text-editor\" data-id=\"9763475\" data-element_type=\"widget\" data-widget_type=\"text-editor.default\">\n\t\t\t\t<div class=\"elementor-widget-container\">\n\t\t\t\t\t\t\t\t\t<p><span style=\"font-weight: 400;\">Si est\u00e0s buscant plans per entretenir la fam\u00edlia i busques<\/span> <b>qu\u00e8 fer a l&#8217;Alt Empord\u00e0 amb nens.,<\/b> <span style=\"font-weight: 400;\">t&#8217;enem el pla adequat per a tu.<\/span><\/p>\n<p><span style=\"font-weight: 400;\">Una de les coses<\/span> <b>a visitar a l&#8217;Alt Empord\u00e0<\/b> <span style=\"font-weight: 400;\">\u00e9s el<\/span> <b>museu de la joguina de Catalunya<\/b><span style=\"font-weight: 400;\"> \u00e9s una experi\u00e8ncia per gaudir amb els m\u00e9s petits de la casa i pot ser un pla molt entretingut. Tamb\u00e9 poden saludar el <\/span><b>castell de Sant Ferran<\/b> <span style=\"font-weight: 400;\">, una de les fortaleses m\u00e9s grans d&#8217;Europa que tamb\u00e9 es troba a<\/span> <b>Figueres<\/b> <span style=\"font-weight: 400;\">.<\/span><\/p>\n<p><span style=\"font-weight: 400;\">Pels que els agrada la bona taula, aquesta regi\u00f3 ofereix una exquisida oferta gastron\u00f2mica, distingida per incloure els millors ingredients de la terra, marisc i una gran varietat de vins; un delit que ofereixen els reconeguts restaurants de la zona.<\/span><\/p>\n<p><span style=\"font-weight: 400;\">Sens dubte hi ha moltes<\/span> <b>coses a fer a<\/b> <b>Alt Empord\u00e0<\/b> <b>.<\/b> <span style=\"font-weight: 400;\">Des d&#8217;agradables passejades i precioses rutes de muntanyisme, plaents dies a la platja i d&#8217;una oferta cultural i hist\u00f2rica que no us podeu perdre.<\/span><\/p>\n<p><span style=\"font-weight: 400;\">Descobreix m\u00e9s<\/span> <b>rutes per l&#8217;Alt Empord\u00e0,<\/b> <span style=\"font-weight: 400;\">a Willy&#8217;s Plan sempre hi ha alguna cosa nova per con\u00e8ixer!<\/span><\/p>\n\t\t\t\t\t\t\t\t<\/div>\n\t\t\t\t<\/div>\n\t\t\t\t\t<\/div>\n\t\t<\/div>\n\t\t\t\t\t<\/div>\n\t\t<\/section>\n\t\t\t\t<section class=\"elementor-section elementor-top-section elementor-element elementor-element-66e559d elementor-section-boxed elementor-section-height-default elementor-section-height-default\" data-id=\"66e559d\" data-element_type=\"section\">\n\t\t\t\t\t\t<div class=\"elementor-container elementor-column-gap-default\">\n\t\t\t\t\t<div class=\"elementor-column elementor-col-100 elementor-top-column elementor-element elementor-element-3c9bfd1\" data-id=\"3c9bfd1\" data-element_type=\"column\">\n\t\t\t<div class=\"elementor-widget-wrap elementor-element-populated\">\n\t\t\t\t\t\t\t<\/div>\n\t\t<\/div>\n\t\t\t\t\t<\/div>\n\t\t<\/section>\n\t\t\t\t<\/div>\n\t\t","protected":false},"excerpt":{"rendered":"<p>Catalunya \u00e9s sens dubte una de les prov\u00edncies m\u00e9s vers\u00e0tils i amb m\u00e9s diversitat de tot Espanya. Entre els molts llocs que visitar a Girona , volem destacar una de les rutes per l&#8217;Alt Empord\u00e0 que tenim per a tu. Aquesta regi\u00f3 forma part dels pirineus orientals, compta amb un clima i paisatges mediterranis, apropiats&hellip;&nbsp;<a href=\"https:\/\/www.willysplan.com\/ca\/rutes\/rutes-de-senderisme-i-excursions-per-lalt-emporda\" rel=\"bookmark\">Llegiu m\u00e9s &raquo;<span class=\"screen-reader-text\">Rutes de senderisme i excursions per l\u00b4Alt Empord\u00e0<\/span><\/a><\/p>\n","protected":false},"author":1,"featured_media":13095,"comment_status":"closed","ping_status":"closed","sticky":false,"template":"","format":"standard","meta":{"neve_meta_sidebar":"","neve_meta_container":"","neve_meta_enable_content_width":"","neve_meta_content_width":0,"neve_meta_title_alignment":"","neve_meta_author_avatar":"","neve_post_elements_order":"","neve_meta_disable_header":"","neve_meta_disable_footer":"","neve_meta_disable_title":"","_joinchat":[],"footnotes":""},"categories":[323],"tags":[324,329],"class_list":["post-15680","post","type-post","status-publish","format-standard","has-post-thumbnail","hentry","category-rutes","tag-comarca-catalunya","tag-comarca-girona-ca"],"yoast_head":"<!-- This site is optimized with the Yoast SEO Premium plugin v20.1 (Yoast SEO v26.9) - https:\/\/yoast.com\/product\/yoast-seo-premium-wordpress\/ -->\n<title>Rutes i excursions per l\u00b4Alt Empord\u00e0 \u2013 Willy&#039;s Plan<\/title>\n<meta name=\"description\" content=\"Descobriu les millors excursions i rutes de senderisme per l&#039;Alt Empord\u00e0, Girona. \u2705 Coneix les coses a fer i veure a l&#039;Alt Empord\u00e0 Entra ara!\" \/>\n<meta name=\"robots\" content=\"index, follow, max-snippet:-1, max-image-preview:large, max-video-preview:-1\" \/>\n<link rel=\"canonical\" href=\"https:\/\/willysplan.com\/ca\/rutes\/rutes-de-senderisme-i-excursions-per-lalt-emporda\" \/>\n<meta property=\"og:locale\" content=\"ca_ES\" \/>\n<meta property=\"og:type\" content=\"article\" \/>\n<meta property=\"og:title\" content=\"Rutes de senderisme i excursions per l\u00b4Alt Empord\u00e0\" \/>\n<meta property=\"og:description\" content=\"Descobriu les millors excursions i rutes de senderisme per l&#039;Alt Empord\u00e0, Girona. \u2705 Coneix les coses a fer i veure a l&#039;Alt Empord\u00e0 Entra ara!\" \/>\n<meta property=\"og:url\" content=\"https:\/\/willysplan.com\/ca\/rutes\/rutes-de-senderisme-i-excursions-per-lalt-emporda\" \/>\n<meta property=\"og:site_name\" content=\"Willy&#039;s Plan \ud83c\udf43\" \/>\n<meta property=\"article:published_time\" content=\"2020-05-24T11:40:46+00:00\" \/>\n<meta property=\"article:modified_time\" content=\"2023-03-20T21:05:54+00:00\" \/>\n<meta property=\"og:image\" content=\"https:\/\/www.willysplan.com\/wp-content\/uploads\/2020\/05\/rutas-cadaques-11.jpg\" \/>\n\t<meta property=\"og:image:width\" content=\"1024\" \/>\n\t<meta property=\"og:image:height\" content=\"561\" \/>\n\t<meta property=\"og:image:type\" content=\"image\/jpeg\" \/>\n<meta name=\"author\" content=\"admin\" \/>\n<meta name=\"twitter:card\" content=\"summary_large_image\" \/>\n<meta name=\"twitter:label1\" content=\"Escrit per\" \/>\n\t<meta name=\"twitter:data1\" content=\"admin\" \/>\n\t<meta name=\"twitter:label2\" content=\"Temps estimat de lectura\" \/>\n\t<meta name=\"twitter:data2\" content=\"2 minuts\" \/>\n<script type=\"application\/ld+json\" class=\"yoast-schema-graph\">{\"@context\":\"https:\/\/schema.org\",\"@graph\":[{\"@type\":\"Article\",\"@id\":\"https:\/\/willysplan.com\/ca\/rutes\/rutes-de-senderisme-i-excursions-per-lalt-emporda#article\",\"isPartOf\":{\"@id\":\"https:\/\/www.willysplan.com\/ca\/rutes\/rutes-de-senderisme-i-excursions-per-lalt-emporda\"},\"author\":{\"name\":\"admin\",\"@id\":\"https:\/\/www.willysplan.com\/#\/schema\/person\/58c1527a9a42e9b18a877f14136f1d47\"},\"headline\":\"Rutes de senderisme i excursions per l\u00b4Alt Empord\u00e0\",\"datePublished\":\"2020-05-24T11:40:46+00:00\",\"dateModified\":\"2023-03-20T21:05:54+00:00\",\"mainEntityOfPage\":{\"@id\":\"https:\/\/www.willysplan.com\/ca\/rutes\/rutes-de-senderisme-i-excursions-per-lalt-emporda\"},\"wordCount\":489,\"publisher\":{\"@id\":\"https:\/\/www.willysplan.com\/#organization\"},\"image\":{\"@id\":\"https:\/\/willysplan.com\/ca\/rutes\/rutes-de-senderisme-i-excursions-per-lalt-emporda#primaryimage\"},\"thumbnailUrl\":\"https:\/\/www.willysplan.com\/wp-content\/uploads\/2020\/05\/rutas-cadaques-11.jpg\",\"keywords\":[\"comarca catalunya\",\"comarca girona\"],\"articleSection\":[\"rutes\"],\"inLanguage\":\"ca\"},{\"@type\":\"WebPage\",\"@id\":\"https:\/\/www.willysplan.com\/ca\/rutes\/rutes-de-senderisme-i-excursions-per-lalt-emporda\",\"url\":\"https:\/\/willysplan.com\/ca\/rutes\/rutes-de-senderisme-i-excursions-per-lalt-emporda\",\"name\":\"Rutes i excursions per l\u00b4Alt Empord\u00e0 \u2013 Willy's Plan\",\"isPartOf\":{\"@id\":\"https:\/\/www.willysplan.com\/#website\"},\"primaryImageOfPage\":{\"@id\":\"https:\/\/willysplan.com\/ca\/rutes\/rutes-de-senderisme-i-excursions-per-lalt-emporda#primaryimage\"},\"image\":{\"@id\":\"https:\/\/willysplan.com\/ca\/rutes\/rutes-de-senderisme-i-excursions-per-lalt-emporda#primaryimage\"},\"thumbnailUrl\":\"https:\/\/www.willysplan.com\/wp-content\/uploads\/2020\/05\/rutas-cadaques-11.jpg\",\"datePublished\":\"2020-05-24T11:40:46+00:00\",\"dateModified\":\"2023-03-20T21:05:54+00:00\",\"description\":\"Descobriu les millors excursions i rutes de senderisme per l'Alt Empord\u00e0, Girona. \u2705 Coneix les coses a fer i veure a l'Alt Empord\u00e0 Entra ara!\",\"inLanguage\":\"ca\",\"potentialAction\":[{\"@type\":\"ReadAction\",\"target\":[\"https:\/\/willysplan.com\/ca\/rutes\/rutes-de-senderisme-i-excursions-per-lalt-emporda\"]}]},{\"@type\":\"ImageObject\",\"inLanguage\":\"ca\",\"@id\":\"https:\/\/willysplan.com\/ca\/rutes\/rutes-de-senderisme-i-excursions-per-lalt-emporda#primaryimage\",\"url\":\"https:\/\/www.willysplan.com\/wp-content\/uploads\/2020\/05\/rutas-cadaques-11.jpg\",\"contentUrl\":\"https:\/\/www.willysplan.com\/wp-content\/uploads\/2020\/05\/rutas-cadaques-11.jpg\",\"width\":1024,\"height\":561},{\"@type\":\"WebSite\",\"@id\":\"https:\/\/www.willysplan.com\/#website\",\"url\":\"https:\/\/www.willysplan.com\/\",\"name\":\"Willy&#039;s Plan \ud83c\udf43\",\"description\":\"Escapadas y Planes de fin de semana\",\"publisher\":{\"@id\":\"https:\/\/www.willysplan.com\/#organization\"},\"potentialAction\":[{\"@type\":\"SearchAction\",\"target\":{\"@type\":\"EntryPoint\",\"urlTemplate\":\"https:\/\/www.willysplan.com\/?s={search_term_string}\"},\"query-input\":{\"@type\":\"PropertyValueSpecification\",\"valueRequired\":true,\"valueName\":\"search_term_string\"}}],\"inLanguage\":\"ca\"},{\"@type\":\"Organization\",\"@id\":\"https:\/\/www.willysplan.com\/#organization\",\"name\":\"Willy&#039;s Plan \ud83c\udf43\",\"url\":\"https:\/\/www.willysplan.com\/\",\"logo\":{\"@type\":\"ImageObject\",\"inLanguage\":\"ca\",\"@id\":\"https:\/\/www.willysplan.com\/#\/schema\/logo\/image\/\",\"url\":\"https:\/\/www.willysplan.com\/wp-content\/uploads\/2020\/04\/cropped-logo-1.png\",\"contentUrl\":\"https:\/\/www.willysplan.com\/wp-content\/uploads\/2020\/04\/cropped-logo-1.png\",\"width\":332,\"height\":332,\"caption\":\"Willy&#039;s Plan \ud83c\udf43\"},\"image\":{\"@id\":\"https:\/\/www.willysplan.com\/#\/schema\/logo\/image\/\"}},{\"@type\":\"Person\",\"@id\":\"https:\/\/www.willysplan.com\/#\/schema\/person\/58c1527a9a42e9b18a877f14136f1d47\",\"name\":\"admin\",\"image\":{\"@type\":\"ImageObject\",\"inLanguage\":\"ca\",\"@id\":\"https:\/\/www.willysplan.com\/#\/schema\/person\/image\/\",\"url\":\"https:\/\/secure.gravatar.com\/avatar\/0b8d78e655d83cc71e0a6cd6cb0f0f99929604cd70ff0f7ac1713f248945ea9d?s=96&d=mm&r=g\",\"contentUrl\":\"https:\/\/secure.gravatar.com\/avatar\/0b8d78e655d83cc71e0a6cd6cb0f0f99929604cd70ff0f7ac1713f248945ea9d?s=96&d=mm&r=g\",\"caption\":\"admin\"},\"url\":\"https:\/\/www.willysplan.com\/ca\/author\/admin\"}]}<\/script>\n<!-- \/ Yoast SEO Premium plugin. -->","yoast_head_json":{"title":"Rutes i excursions per l\u00b4Alt Empord\u00e0 \u2013 Willy's Plan","description":"Descobriu les millors excursions i rutes de senderisme per l'Alt Empord\u00e0, Girona. \u2705 Coneix les coses a fer i veure a l'Alt Empord\u00e0 Entra ara!","robots":{"index":"index","follow":"follow","max-snippet":"max-snippet:-1","max-image-preview":"max-image-preview:large","max-video-preview":"max-video-preview:-1"},"canonical":"https:\/\/willysplan.com\/ca\/rutes\/rutes-de-senderisme-i-excursions-per-lalt-emporda","og_locale":"ca_ES","og_type":"article","og_title":"Rutes de senderisme i excursions per l\u00b4Alt Empord\u00e0","og_description":"Descobriu les millors excursions i rutes de senderisme per l'Alt Empord\u00e0, Girona. \u2705 Coneix les coses a fer i veure a l'Alt Empord\u00e0 Entra ara!","og_url":"https:\/\/willysplan.com\/ca\/rutes\/rutes-de-senderisme-i-excursions-per-lalt-emporda","og_site_name":"Willy&#039;s Plan \ud83c\udf43","article_published_time":"2020-05-24T11:40:46+00:00","article_modified_time":"2023-03-20T21:05:54+00:00","og_image":[{"width":1024,"height":561,"url":"https:\/\/www.willysplan.com\/wp-content\/uploads\/2020\/05\/rutas-cadaques-11.jpg","type":"image\/jpeg"}],"author":"admin","twitter_card":"summary_large_image","twitter_misc":{"Escrit per":"admin","Temps estimat de lectura":"2 minuts"},"schema":{"@context":"https:\/\/schema.org","@graph":[{"@type":"Article","@id":"https:\/\/willysplan.com\/ca\/rutes\/rutes-de-senderisme-i-excursions-per-lalt-emporda#article","isPartOf":{"@id":"https:\/\/www.willysplan.com\/ca\/rutes\/rutes-de-senderisme-i-excursions-per-lalt-emporda"},"author":{"name":"admin","@id":"https:\/\/www.willysplan.com\/#\/schema\/person\/58c1527a9a42e9b18a877f14136f1d47"},"headline":"Rutes de senderisme i excursions per l\u00b4Alt Empord\u00e0","datePublished":"2020-05-24T11:40:46+00:00","dateModified":"2023-03-20T21:05:54+00:00","mainEntityOfPage":{"@id":"https:\/\/www.willysplan.com\/ca\/rutes\/rutes-de-senderisme-i-excursions-per-lalt-emporda"},"wordCount":489,"publisher":{"@id":"https:\/\/www.willysplan.com\/#organization"},"image":{"@id":"https:\/\/willysplan.com\/ca\/rutes\/rutes-de-senderisme-i-excursions-per-lalt-emporda#primaryimage"},"thumbnailUrl":"https:\/\/www.willysplan.com\/wp-content\/uploads\/2020\/05\/rutas-cadaques-11.jpg","keywords":["comarca catalunya","comarca girona"],"articleSection":["rutes"],"inLanguage":"ca"},{"@type":"WebPage","@id":"https:\/\/www.willysplan.com\/ca\/rutes\/rutes-de-senderisme-i-excursions-per-lalt-emporda","url":"https:\/\/willysplan.com\/ca\/rutes\/rutes-de-senderisme-i-excursions-per-lalt-emporda","name":"Rutes i excursions per l\u00b4Alt Empord\u00e0 \u2013 Willy's Plan","isPartOf":{"@id":"https:\/\/www.willysplan.com\/#website"},"primaryImageOfPage":{"@id":"https:\/\/willysplan.com\/ca\/rutes\/rutes-de-senderisme-i-excursions-per-lalt-emporda#primaryimage"},"image":{"@id":"https:\/\/willysplan.com\/ca\/rutes\/rutes-de-senderisme-i-excursions-per-lalt-emporda#primaryimage"},"thumbnailUrl":"https:\/\/www.willysplan.com\/wp-content\/uploads\/2020\/05\/rutas-cadaques-11.jpg","datePublished":"2020-05-24T11:40:46+00:00","dateModified":"2023-03-20T21:05:54+00:00","description":"Descobriu les millors excursions i rutes de senderisme per l'Alt Empord\u00e0, Girona. \u2705 Coneix les coses a fer i veure a l'Alt Empord\u00e0 Entra ara!","inLanguage":"ca","potentialAction":[{"@type":"ReadAction","target":["https:\/\/willysplan.com\/ca\/rutes\/rutes-de-senderisme-i-excursions-per-lalt-emporda"]}]},{"@type":"ImageObject","inLanguage":"ca","@id":"https:\/\/willysplan.com\/ca\/rutes\/rutes-de-senderisme-i-excursions-per-lalt-emporda#primaryimage","url":"https:\/\/www.willysplan.com\/wp-content\/uploads\/2020\/05\/rutas-cadaques-11.jpg","contentUrl":"https:\/\/www.willysplan.com\/wp-content\/uploads\/2020\/05\/rutas-cadaques-11.jpg","width":1024,"height":561},{"@type":"WebSite","@id":"https:\/\/www.willysplan.com\/#website","url":"https:\/\/www.willysplan.com\/","name":"Willy&#039;s Plan \ud83c\udf43","description":"Escapadas y Planes de fin de semana","publisher":{"@id":"https:\/\/www.willysplan.com\/#organization"},"potentialAction":[{"@type":"SearchAction","target":{"@type":"EntryPoint","urlTemplate":"https:\/\/www.willysplan.com\/?s={search_term_string}"},"query-input":{"@type":"PropertyValueSpecification","valueRequired":true,"valueName":"search_term_string"}}],"inLanguage":"ca"},{"@type":"Organization","@id":"https:\/\/www.willysplan.com\/#organization","name":"Willy&#039;s Plan \ud83c\udf43","url":"https:\/\/www.willysplan.com\/","logo":{"@type":"ImageObject","inLanguage":"ca","@id":"https:\/\/www.willysplan.com\/#\/schema\/logo\/image\/","url":"https:\/\/www.willysplan.com\/wp-content\/uploads\/2020\/04\/cropped-logo-1.png","contentUrl":"https:\/\/www.willysplan.com\/wp-content\/uploads\/2020\/04\/cropped-logo-1.png","width":332,"height":332,"caption":"Willy&#039;s Plan \ud83c\udf43"},"image":{"@id":"https:\/\/www.willysplan.com\/#\/schema\/logo\/image\/"}},{"@type":"Person","@id":"https:\/\/www.willysplan.com\/#\/schema\/person\/58c1527a9a42e9b18a877f14136f1d47","name":"admin","image":{"@type":"ImageObject","inLanguage":"ca","@id":"https:\/\/www.willysplan.com\/#\/schema\/person\/image\/","url":"https:\/\/secure.gravatar.com\/avatar\/0b8d78e655d83cc71e0a6cd6cb0f0f99929604cd70ff0f7ac1713f248945ea9d?s=96&d=mm&r=g","contentUrl":"https:\/\/secure.gravatar.com\/avatar\/0b8d78e655d83cc71e0a6cd6cb0f0f99929604cd70ff0f7ac1713f248945ea9d?s=96&d=mm&r=g","caption":"admin"},"url":"https:\/\/www.willysplan.com\/ca\/author\/admin"}]}},"_links":{"self":[{"href":"https:\/\/www.willysplan.com\/ca\/wp-json\/wp\/v2\/posts\/15680","targetHints":{"allow":["GET"]}}],"collection":[{"href":"https:\/\/www.willysplan.com\/ca\/wp-json\/wp\/v2\/posts"}],"about":[{"href":"https:\/\/www.willysplan.com\/ca\/wp-json\/wp\/v2\/types\/post"}],"author":[{"embeddable":true,"href":"https:\/\/www.willysplan.com\/ca\/wp-json\/wp\/v2\/users\/1"}],"replies":[{"embeddable":true,"href":"https:\/\/www.willysplan.com\/ca\/wp-json\/wp\/v2\/comments?post=15680"}],"version-history":[{"count":3,"href":"https:\/\/www.willysplan.com\/ca\/wp-json\/wp\/v2\/posts\/15680\/revisions"}],"predecessor-version":[{"id":17686,"href":"https:\/\/www.willysplan.com\/ca\/wp-json\/wp\/v2\/posts\/15680\/revisions\/17686"}],"wp:featuredmedia":[{"embeddable":true,"href":"https:\/\/www.willysplan.com\/ca\/wp-json\/wp\/v2\/media\/13095"}],"wp:attachment":[{"href":"https:\/\/www.willysplan.com\/ca\/wp-json\/wp\/v2\/media?parent=15680"}],"wp:term":[{"taxonomy":"category","embeddable":true,"href":"https:\/\/www.willysplan.com\/ca\/wp-json\/wp\/v2\/categories?post=15680"},{"taxonomy":"post_tag","embeddable":true,"href":"https:\/\/www.willysplan.com\/ca\/wp-json\/wp\/v2\/tags?post=15680"}],"curies":[{"name":"wp","href":"https:\/\/api.w.org\/{rel}","templated":true}]}}